[{"@context":"https:\/\/schema.org\/","@type":"Article","@id":"https:\/\/www.bellex.cz\/bylo-by-dobre-zacit-se-vzdelavat-uz-ve-skolce\/#Article","mainEntityOfPage":"https:\/\/www.bellex.cz\/bylo-by-dobre-zacit-se-vzdelavat-uz-ve-skolce\/","headline":"Bylo by dobr\u00e9 za\u010d\u00edt se vzd\u011bl\u00e1vat u\u017e ve \u0161kolce?","name":"Bylo by dobr\u00e9 za\u010d\u00edt se vzd\u011bl\u00e1vat u\u017e ve \u0161kolce?","description":"Je ot\u00e1zkou, zda by se d\u011bti nem\u011bly za\u010d\u00edt u\u017e n\u011bco m\u00e1lo u\u010dit i ve \u0161kolce,","datePublished":"2022-07-23","dateModified":"2023-05-01","author":{"@type":"Person","@id":"https:\/\/www.bellex.cz\/author\/#Person","name":"","url":"https:\/\/www.bellex.cz\/author\/","identifier":1,"image":{"@type":"ImageObject","@id":"https:\/\/secure.gravatar.com\/avatar\/4c052e7a73c1efe5fd04a7144e27996a074b623217a764a72d90cb6a084de021?s=96&d=mm&r=g","url":"https:\/\/secure.gravatar.com\/avatar\/4c052e7a73c1efe5fd04a7144e27996a074b623217a764a72d90cb6a084de021?s=96&d=mm&r=g","height":96,"width":96}},"publisher":{"@type":"Organization","name":"bellex.cz","logo":{"@type":"ImageObject","@id":"\/logo.png","url":"\/logo.png","width":600,"height":60}},"image":{"@type":"ImageObject","@id":"https:\/\/www.bellex.cz\/wp-content\/uploads\/d%C4%9Bti_2.png","url":"https:\/\/www.bellex.cz\/wp-content\/uploads\/d%C4%9Bti_2.png","height":0,"width":0},"url":"https:\/\/www.bellex.cz\/bylo-by-dobre-zacit-se-vzdelavat-uz-ve-skolce\/","about":["Vzd\u011bl\u00e1n\u00ed"],"wordCount":488,"articleBody":"Je ot\u00e1zkou, zda by se d\u011bti nem\u011bly za\u010d\u00edt u\u017e n\u011bco m\u00e1lo u\u010dit i ve \u0161kolce, aby se za\u010daly p\u0159ipravovat na to, co je pr\u00e1v\u011b ve \u0161kole \u010dek\u00e1.\u00a0Jsou \u0161kolky, kter\u00e9 nab\u00edzej\u00ed nap\u0159\u00edklad krou\u017eky, kter\u00e9 se zam\u011b\u0159uj\u00ed na ciz\u00ed jazyk a d\u011bti do nich mohou zav\u00edtat.\u00a0Je ur\u010dit\u011b na rodi\u010d\u00edch, jestli sv\u00e9 d\u00edt\u011b p\u0159ihl\u00e1s\u00ed do n\u011bjak\u00e9ho vzd\u011bl\u00e1vac\u00edho krou\u017eku, nebo to nech\u00e1 tak a d\u00edt\u011bti dop\u0159eje to, aby si hr\u00e1lo.N\u011bkdy ale nen\u00ed na \u0161kodu d\u00edt\u011b do n\u011bjak\u00e9ho toho vzd\u011bl\u00e1vac\u00edho krou\u017eku p\u0159ihl\u00e1sit, proto\u017ee se m\u016f\u017ee nau\u010dit minim\u00e1ln\u011b z\u00e1klady, kter\u00e9 se mu pr\u00e1v\u011b ve \u0161kole budou hodit. V\u00a0p\u0159\u00edpad\u011b ciz\u00edho jazyka se n\u011bco takov\u00e9ho m\u016f\u017ee v\u00edce ne\u017e hodit, proto\u017ee ne v\u0161em d\u011btem n\u011bco takov\u00e9ho jde hned od za\u010d\u00e1tku. N\u011bkter\u00fdm d\u011btem dokonce n\u011bco takov\u00e9ho nejde ani dnes a m\u016f\u017ee to b\u00fdt pr\u00e1v\u011b t\u00edm, \u017ee kdyby se za\u010daly n\u011bco takov\u00e9ho u\u010dit v\u00a0d\u0159\u00edv\u011bj\u0161\u00edm v\u011bku, mohly by k\u00a0n\u011b\u010demu takov\u00e9mu m\u00edt i jin\u00fd p\u0159\u00edstup. Pr\u00e1v\u011b ve \u0161kolce mohou u\u010ditelky d\u011bti nau\u010dit z\u00e1kladn\u00edm slov\u00ed\u010dk\u016fm nebo fr\u00e1z\u00edm, se kter\u00fdmi se stejn\u011b za p\u00e1r let d\u00edt\u011b setk\u00e1.N\u011bkter\u00e9 d\u011bti dokonce chozen\u00ed na krou\u017eek, kde se u\u010d\u00ed ciz\u00ed jazyk, velmi bav\u00ed. N\u011bco takov\u00e9ho nav\u00edc b\u00fdv\u00e1 v\u00a0r\u00e1mci dne, tak\u017ee se nemus\u00edte b\u00e1t, \u017ee byste na dan\u00e9 d\u00edt\u011b museli je\u0161t\u011b po \u0161kolce \u010dekat. V\u017edy je to vymy\u0161leno tak, aby n\u011bco takov\u00e9ho bylo v\u00a0rozumn\u00fd \u010das.Vzd\u011bl\u00e1vat se ji\u017e ve \u0161kolce opravdu nemus\u00ed b\u00fdt \u0161patn\u00e9. Je mo\u017en\u00e9, \u017ee d\u00edky n\u011b\u010demu takov\u00e9mu va\u0161e d\u00edt\u011b opravdu nebude t\u00e1pat a nebude m\u00edt probl\u00e9m se pot\u00e9 ve \u0161kole v\u00a0n\u011bkter\u00fdch v\u011bcech zorientovat.\u00a0V\u00a0n\u011bkter\u00fdch \u0161kolk\u00e1ch dokonce nab\u00edzej\u00ed i jin\u00e9 v\u011bci, ne\u017e jen ciz\u00ed jazyk. Ur\u010dit\u011b by bylo dobr\u00e9, pokud byste se pr\u00e1v\u011b u v\u00e1s ve \u0161kolce zeptali, jestli dan\u00e1 \u0161kolka n\u011bco takov\u00e9ho nenab\u00edz\u00ed a p\u0159\u00edpadn\u011b co v\u0161echno m\u016f\u017ee nab\u00eddnout.\u00a0Mnoh\u00fdm rodi\u010d\u016fm z\u00e1le\u017e\u00ed hlavn\u011b na cen\u011b, ale v\u011bt\u0161inou se n\u011bco takov\u00e9ho pohybuje okolo 500,- na rok.\u00a0Bude na v\u00e1s, jestli va\u0161e d\u00edt\u011b do n\u011bjak\u00e9ho vzd\u011bl\u00e1vac\u00edho krou\u017eku v\u00a0r\u00e1mci \u0161kolky p\u0159ihl\u00e1s\u00edte, ale mohlo by to b\u00fdt pro va\u0161e d\u00edt\u011b jen dobr\u00e9.                                                                                                                                                                                                                                                                                                                                                                                        4.4\/5 - (11 votes)        "},{"@context":"https:\/\/schema.org\/","@type":"BreadcrumbList","itemListElement":[{"@type":"ListItem","position":1,"name":"Bylo by dobr\u00e9 za\u010d\u00edt se vzd\u011bl\u00e1vat u\u017e ve \u0161kolce?","item":"https:\/\/www.bellex.cz\/bylo-by-dobre-zacit-se-vzdelavat-uz-ve-skolce\/#breadcrumbitem"}]}]