[{"@context":"https:\/\/schema.org\/","@type":"Article","@id":"https:\/\/www.bellex.cz\/designove-zabradli\/#Article","mainEntityOfPage":"https:\/\/www.bellex.cz\/designove-zabradli\/","headline":"Designov\u00e9 z\u00e1bradl\u00ed","name":"Designov\u00e9 z\u00e1bradl\u00ed","description":"V\u011bd\u011bli jste, \u017ee nejlep\u0161\u00ed je db\u00e1t, abyste m\u011bli u v\u0161ech z balkon\u016f anebo schodi\u0161ti z\u00e1bradl\u00ed?","datePublished":"2023-05-29","dateModified":"2023-06-30","author":{"@type":"Person","@id":"https:\/\/www.bellex.cz\/author\/#Person","name":"","url":"https:\/\/www.bellex.cz\/author\/","identifier":1,"image":{"@type":"ImageObject","@id":"https:\/\/secure.gravatar.com\/avatar\/4c052e7a73c1efe5fd04a7144e27996a074b623217a764a72d90cb6a084de021?s=96&d=mm&r=g","url":"https:\/\/secure.gravatar.com\/avatar\/4c052e7a73c1efe5fd04a7144e27996a074b623217a764a72d90cb6a084de021?s=96&d=mm&r=g","height":96,"width":96}},"publisher":{"@type":"Organization","name":"bellex.cz","logo":{"@type":"ImageObject","@id":"\/logo.png","url":"\/logo.png","width":600,"height":60}},"image":{"@type":"ImageObject","@id":"https:\/\/www.bellex.cz\/wp-content\/uploads\/porch-186402_1280.jpg","url":"https:\/\/www.bellex.cz\/wp-content\/uploads\/porch-186402_1280.jpg","height":0,"width":0},"url":"https:\/\/www.bellex.cz\/designove-zabradli\/","about":["Podnik\u00e1n\u00ed"],"wordCount":442,"articleBody":"   V\u011bd\u011bli jste, \u017ee nejlep\u0161\u00ed je db\u00e1t, abyste m\u011bli u v\u0161ech z balkon\u016f anebo schodi\u0161ti z\u00e1bradl\u00ed? Mysl\u00edm si, \u017ee to velice praktick\u00e9 a tak\u00e9 \u0161etrn\u00e9. Podle m\u00e9ho n\u00e1zoru je to tak\u00e9 velice d\u016fle\u017eit\u00e9, proto\u017ee kdy\u017e chcete vyl\u00e9zt nahoru, tak je velmi praktick\u00e9, kdy\u017e se m\u016f\u017eete n\u011b\u010deho chytit. Proto d\u00e1v\u00e1m p\u0159ednost tomu, kdy\u017e m\u016f\u017eu m\u00edt u balkonu tak\u00e9 nap\u0159\u00edklad zm\u011bn\u011bn\u00e9 z\u00e1bradl\u00ed anebo tak\u00e9 u\u017e t\u011bch schod\u016f. Kolikr\u00e1t tady se mi stalo, \u017ee jsem cel\u00e1 unaven\u00e1 \u0161la ve\u010der se nap\u00edt do kuchyn\u011b. A m\u00e1lem jsem u\u017e kolikr\u00e1t tak\u00e9 spadla ze schod\u016f, co\u017e je velice nep\u0159\u00edjemn\u00e9. Dokonce moje kamar\u00e1dka jednu u n\u00e1s tak\u00e9 spadla ze schod\u016f a zlomila si kotn\u00edk. A to v\u0161echno kv\u016fli tomu, \u017ee jsme nem\u011bli z\u00e1bradl\u00ed na balkon\u011b a tak\u00e9 z\u00e1bradl\u00ed na schodi\u0161ti. Podle m\u00e9ho n\u00e1zoru je to opravdu \u0161koda. A od t\u00e9 doby jsem si \u0159ekla, \u017ee nejlep\u0161\u00ed bude, kdy\u017e se s p\u0159\u00edtelem domluv\u00edme a se\u017eeneme si opravdu n\u011bjak\u00e9 kvalitn\u00ed z\u00e1bradl\u00ed na balkon. P\u0159\u00edtel chv\u00edli uva\u017eoval a \u0159\u00edkal, \u017ee je to \u0161koda, \u017ee je to vyhazov\u00e1n\u00ed pen\u011bz, ale co m\u016f\u017eeme nad\u011blat. Bezpe\u010dnost je tady u n\u00e1s na prvn\u00edm m\u00edst\u011b. Tak\u017ee jsme se s p\u0159\u00edtelem rozhodli, \u017ee si opravdu po\u0159\u00edd\u00edme n\u011bjak\u00e9 kr\u00e1sn\u00e9 kvalitn\u00ed z\u00e1bradl\u00ed na balkon. A tak s p\u0159\u00edtelem jsme se pod\u00edvali na webov\u00e9 str\u00e1nky kmdesign.cz, kde je opravdu kr\u00e1sn\u00e9 a kvalitn\u00ed z\u00e1bradl\u00ed na balkon.Tak\u00e9 jsme se rozhodli, \u017ee kdy\u017e u\u017e budeme po\u0159izovat z\u00e1bradl\u00ed na balkon, \u017ee si po\u0159\u00edd\u00edme tak\u00e9 z\u00e1bradl\u00ed na schodi\u0161t\u011b. A to venku a tak\u00e9 na schodi\u0161t\u011b z ob\u00fdv\u00e1ku do lo\u017enice. A podle m\u00e9ho n\u00e1zoru nen\u00ed bezpe\u010dnosti nikdy dost a m\u011blo by se to dodr\u017eovat. Je\u0161t\u011b nem\u00e1me d\u011bti, ale p\u0159edpokl\u00e1d\u00e1m, \u017ee kdybychom potom d\u011bti m\u011bly, tak bych cht\u011bla zabr\u00e1nit v\u0161em nep\u0159\u00edjemn\u00fdm situac\u00edm a tak\u00e9 p\u00e1d\u016fm, aby moje d\u011bti nem\u011bly \u017e\u00e1dn\u00fd \u00faraz. O sv\u00e9 d\u011bti se chci starat, tak\u017ee o n\u011b budu pe\u010dovat a budu r\u00e1da, kdy\u017e budeme m\u00edt rad\u011bji v\u0161ude z\u00e1bradl\u00ed. A z\u00e1bradl\u00ed na balkon https:\/\/www.kmkdesign.cz\/zabradli-balkonova-terasova se\u017eenete tak\u00e9 v r\u016fzn\u00e9m materi\u00e1lu a tak\u00e9 proveden\u00ed.                                                                                                                                                                                                                                                                                                                                                                                           4.7\/5 - (6 votes)        "},{"@context":"https:\/\/schema.org\/","@type":"BreadcrumbList","itemListElement":[{"@type":"ListItem","position":1,"name":"Designov\u00e9 z\u00e1bradl\u00ed","item":"https:\/\/www.bellex.cz\/designove-zabradli\/#breadcrumbitem"}]}]