[{"@context":"https:\/\/schema.org\/","@type":"Article","@id":"https:\/\/www.bellex.cz\/garnyze-pro-pestre-bydleni\/#Article","mainEntityOfPage":"https:\/\/www.bellex.cz\/garnyze-pro-pestre-bydleni\/","headline":"Garn\u00fd\u017ee pro pestr\u00e9 bydlen\u00ed","name":"Garn\u00fd\u017ee pro pestr\u00e9 bydlen\u00ed","description":"Za\u0159izujete si nov\u00e9 bydlen\u00ed a sh\u00e1n\u00edte par\u00e1dn\u00ed garn\u00fd\u017ee, kter\u00e9 by zv\u00fdraznily kr\u00e1sn\u00e1 okna, z\u00e1clony i","datePublished":"2024-12-15","dateModified":"2024-12-15","author":{"@type":"Person","@id":"https:\/\/www.bellex.cz\/author\/#Person","name":"","url":"https:\/\/www.bellex.cz\/author\/","identifier":1,"image":{"@type":"ImageObject","@id":"https:\/\/secure.gravatar.com\/avatar\/4c052e7a73c1efe5fd04a7144e27996a074b623217a764a72d90cb6a084de021?s=96&d=mm&r=g","url":"https:\/\/secure.gravatar.com\/avatar\/4c052e7a73c1efe5fd04a7144e27996a074b623217a764a72d90cb6a084de021?s=96&d=mm&r=g","height":96,"width":96}},"publisher":{"@type":"Organization","name":"bellex.cz","logo":{"@type":"ImageObject","@id":"\/logo.png","url":"\/logo.png","width":600,"height":60}},"url":"https:\/\/www.bellex.cz\/garnyze-pro-pestre-bydleni\/","wordCount":184,"articleBody":"Za\u0159izujete si nov\u00e9 bydlen\u00ed a sh\u00e1n\u00edte par\u00e1dn\u00ed garn\u00fd\u017ee, kter\u00e9 by zv\u00fdraznily kr\u00e1sn\u00e1 okna, z\u00e1clony i z\u00e1v\u011bsy? Chcete vym\u011bnit zaslou\u017eil\u00e9 v\u00fdrobky za nov\u00e9 a modern\u00ed prvky, kter\u00e9 jsou moment\u00e1ln\u011b trendy? Nev\u00e1hejte a pod\u00edvejte se do na\u0161eho internetov\u00e9ho obchodu InBytex! V\u00fdrobky od n\u00e1s spln\u00ed va\u0161e designov\u00e9 p\u0159edstavy. Na na\u0161ich internetov\u00fdch str\u00e1nk\u00e1ch naleznete spoustu modern\u00edch, klasick\u00fdch i extravagantn\u00edch v\u00fdrobk\u016f, kter\u00e9 V\u00e1s oslov\u00ed sv\u00fdm designem, proveden\u00edm, ale hlavn\u011b p\u0159\u00edznivou cenou, kter\u00e1 je z\u00e1kladn\u00edm pil\u00ed\u0159em pro spr\u00e1vn\u00e9 a v\u00fdhodn\u00e9 nakupov\u00e1n\u00ed!InBytex je spole\u010dnost, kter\u00e1 rozum\u00ed modern\u00edmu styluInBytex je \u00fa\u017easn\u00fd internetov\u00fd obchod, kter\u00e1 nab\u00edz\u00ed a prod\u00e1v\u00e1 kvalitn\u00ed zbo\u017e\u00ed, kter\u00e9 je pot\u0159ebn\u00e9 v ka\u017ed\u00e9 dom\u00e1cnosti. Garn\u00fd\u017eejsou samoz\u0159ejm\u011b jednou s v\u011bc\u00ed, kter\u00e1 m\u00e1 svou dekora\u010dn\u00ed i dr\u017e\u00edc\u00ed funkci. Garn\u00fd\u017e je ide\u00e1ln\u00edm dopl\u0148kem, kter\u00fd o\u017eiv\u00ed a b\u00e1je\u010dn\u011b vyzdob\u00ed okna a jejich okol\u00ed.                                                                                                                                                                                                                                                                                                                                                                                        4.3\/5 - (3 votes)        "},{"@context":"https:\/\/schema.org\/","@type":"BreadcrumbList","itemListElement":[{"@type":"ListItem","position":1,"name":"Garn\u00fd\u017ee pro pestr\u00e9 bydlen\u00ed","item":"https:\/\/www.bellex.cz\/garnyze-pro-pestre-bydleni\/#breadcrumbitem"}]}]