[{"@context":"https:\/\/schema.org\/","@type":"Article","@id":"https:\/\/www.bellex.cz\/kdyz-ma-na-svet-prijit-dite\/#Article","mainEntityOfPage":"https:\/\/www.bellex.cz\/kdyz-ma-na-svet-prijit-dite\/","headline":"Kdy\u017e m\u00e1 na sv\u011bt p\u0159ij\u00edt d\u00edt\u011b","name":"Kdy\u017e m\u00e1 na sv\u011bt p\u0159ij\u00edt d\u00edt\u011b","description":"Je to \u00fa\u017easn\u00fd pocit zjistit, \u017ee budete maminkou. Prvn\u00edch p\u00e1r t\u00fddn\u016f jen tato informace bude","datePublished":"2019-10-07","dateModified":"2023-05-01","author":{"@type":"Person","@id":"https:\/\/www.bellex.cz\/author\/#Person","name":"","url":"https:\/\/www.bellex.cz\/author\/","identifier":1,"image":{"@type":"ImageObject","@id":"https:\/\/secure.gravatar.com\/avatar\/4c052e7a73c1efe5fd04a7144e27996a074b623217a764a72d90cb6a084de021?s=96&d=mm&r=g","url":"https:\/\/secure.gravatar.com\/avatar\/4c052e7a73c1efe5fd04a7144e27996a074b623217a764a72d90cb6a084de021?s=96&d=mm&r=g","height":96,"width":96}},"publisher":{"@type":"Organization","name":"bellex.cz","logo":{"@type":"ImageObject","@id":"\/logo.png","url":"\/logo.png","width":600,"height":60}},"image":{"@type":"ImageObject","@id":"https:\/\/www.bellex.cz\/wp-content\/uploads\/img_a356435_w3163_t1570971915.jpg","url":"https:\/\/www.bellex.cz\/wp-content\/uploads\/img_a356435_w3163_t1570971915.jpg","height":0,"width":0},"url":"https:\/\/www.bellex.cz\/kdyz-ma-na-svet-prijit-dite\/","about":["D\u011bti"],"wordCount":691,"articleBody":"Je to \u00fa\u017easn\u00fd pocit zjistit, \u017ee budete maminkou. Prvn\u00edch p\u00e1r t\u00fddn\u016f jen tato informace bude sta\u010dit, aby Va\u0161i hlavu dostate\u010dn\u011b zabavila. Jak to ozn\u00e1mit man\u017eelovi? Kdy to \u0159eknete rodi\u010d\u016fm? V\u00edm, \u017ee jsem ve 2. t\u00fddnu, ale nem\u00e1m to b\u0159\u00ed\u0161ko u\u017e p\u0159eci jen v\u011bt\u0161\u00ed? To bude skv\u011bl\u00e9, a\u017e budu moci nakupovat v\u0161echny ty mal\u00e9, roztomil\u00e9 oble\u010dky. Jak to utaj\u00edm v pr\u00e1ci? A jak dlouho bude trvat, ne\u017e se od z\u00e1chodov\u00e9 m\u00edsy budu moct vzd\u00e1lit aspo\u0148 na moment? A\u017e si na v\u0161echny tyto ot\u00e1zky odpov\u00edte, p\u0159ijde spousty dal\u0161\u00edch.   Jen\u017ee velmi brzy se od \u00favah dostanete k \u010din\u016fm. V\u011bd\u011bli jste, \u017ee v Praze je pot\u0159eba se do 14. t\u00fddne t\u011bhotenstv\u00ed registrovat v porodnici, kterou jste si vybrali? Co\u017e nen\u00ed probl\u00e9m, pokud m\u00e1te alespo\u0148 orienta\u010dn\u00ed p\u0159edstavu o tom, ve kter\u00e9 z nich chcete rodit. A zkusili jste n\u011bkdy do internetov\u00e9ho vyhledava\u010de zadat slovo ko\u010d\u00e1rek? J\u00e1 ano. Z\u00e1plava produkt\u016f r\u016fzn\u00fdch zna\u010dek, a je\u0161t\u011b r\u016fzn\u011bj\u0161\u00edho cenov\u00e9ho rozp\u011bt\u00ed, kter\u00e9 na V\u00e1s v prohl\u00ed\u017ee\u010di vyjede, je minim\u00e1ln\u011b \u0161okuj\u00edc\u00ed. Ch\u00e1pu, \u017ee jsou maminky, kter\u00e9 v\u011bd\u00ed, co cht\u011bj\u00ed. Maj\u00ed kolem sebe jin\u00e9 maminky s d\u011btmi a jejich p\u0159edstava, co si od ko\u010d\u00e1rku p\u0159ej\u00ed je tak konkr\u00e9tn\u011bj\u0161\u00ed. Ale co my, kter\u00e9 nem\u00e1me \u017e\u00e1dnou p\u0159edstavu o tom, co jsou to kola s aretac\u00ed, k \u010demu je dobr\u00fd fusak a \u017ee golfky nemaj\u00ed nic spole\u010dn\u00e9ho s golfem?  Ne, \u017ee by se v okol\u00ed nena\u0161el nikdo, kdo by V\u00e1m neporadil. Rad dostanete zajist\u00e9 spousty. Bohu\u017eel n\u011bkdo V\u00e1m porad\u00ed koupit si tuhle \u00fa\u017easnou trojkombinaci, kter\u00e1 d\u011b\u0165\u00e1tku vydr\u017e\u00ed po celou dobu a n\u011bkdo jin\u00fd V\u00e1m zase vysv\u011btl\u00ed, jak nesmysln\u00e9 je kupovat cokoli, krom podvozku s korbi\u010dkou a \u017ee spor\u0165\u00e1k dokoup\u00edte a\u017e podle situace. N\u011bkdo ned\u00e1 dopustit na kvalitu vyhl\u00e1\u0161en\u00e9 zna\u010dky, jin\u00ed tvrd\u00ed, \u017ee na tu kr\u00e1tkou dobu nen\u00ed v\u011bt\u0161\u00ed investice do ko\u010d\u00e1rku t\u0159eba. Tak\u017ee nakonec jsou stejn\u011b v\u0161echna ta rozhodnut\u00ed jenom na V\u00e1s a Va\u0161ich priorit\u00e1ch a nezb\u00fdv\u00e1 ne\u017e si prost\u011b nastudovat dostatek informac\u00ed ide\u00e1ln\u011b vyzkou\u0161et co nejv\u00edce ko\u010d\u00e1rk\u016f na vlastn\u00ed ruce. Chod\u00edte na pravideln\u00e9 prohl\u00eddky, pomalu dokupujete posledn\u00ed kousky z v\u00fdbavi\u010dky, kone\u010dn\u011b jste si ud\u011blaly n\u00e1zor na to, zda chcete, nebo nechcete pro miminko vibra\u010dn\u00ed leh\u00e1tko. M\u00e1te pocit, \u017ee se v\u0161e uklidnilo a situace je kone\u010dn\u011b pod kontrolou. Nebojte, je to opravdu jen pocit. Te\u010f je trochu \u010dasu za\u010d\u00edt si zji\u0161\u0165ovat, co V\u00e1s vlastn\u011b \u010dek\u00e1 u porodu. \u017de to nen\u00ed bezbolestn\u00e9, to asi v\u0161echny v\u00edme a s t\u00edm jsme do toho \u0161ly. P\u0159eci jen kv\u016fli tomu uzl\u00ed\u010dku \u0161t\u011bst\u00ed to za to prost\u011b stoj\u00ed. Ale v\u011bd\u011bly jste, \u017ee existuje n\u011bco jako porodn\u00ed pl\u00e1n, kde si m\u016f\u017eete \u0159\u00edct, jestli u porodu chcete le\u017eet na z\u00e1dech, nebo b\u00fdt v jin\u00e9 poloze? Jestli chcete tla\u010dit podle pokyn\u016f doktora, nebo podle sv\u00e9ho uv\u00e1\u017een\u00ed? Jak\u00fd zp\u016fsob ti\u0161en\u00ed bolesti m\u00e1 l\u00e9ka\u0159 volit? A je toho mnohem v\u00edce, k \u010demu se m\u016f\u017eete vyj\u00e1d\u0159it. A j\u00e1 ani nev\u00edm, jestli chci porodn\u00ed pl\u00e1n. P\u0159esto \u017ee jsem opravdu r\u00e1da, \u017ee v dne\u0161n\u00ed dob\u011b se s V\u00e1mi v nemocnici sna\u017e\u00ed jednat jako s partnerem, a ne jenom jako s dal\u0161\u00edm kusem, v\u016fbec si nejsem jist\u00e1, \u017ee na v\u0161echny tyto ot\u00e1zky jsem schopna nal\u00e9zt odpov\u011b\u010f. A to mi 9 m\u011bs\u00edc\u016f p\u0159i\u0161lo jako dlouh\u00e1 doba. Mo\u017en\u00e1 u druh\u00e9ho, t\u0159et\u00edho porodu budu chyt\u0159ej\u0161\u00ed, ale u toho prvn\u00edho budu rozhodn\u011b r\u00e1da, \u017ee ho za m\u011b povedou zku\u0161en\u00ed l\u00e9ka\u0159i.                                                                                                                                                                                                                                                                                                                                                                                         4.5\/5 - (11 votes)        "},{"@context":"https:\/\/schema.org\/","@type":"BreadcrumbList","itemListElement":[{"@type":"ListItem","position":1,"name":"Kdy\u017e m\u00e1 na sv\u011bt p\u0159ij\u00edt d\u00edt\u011b","item":"https:\/\/www.bellex.cz\/kdyz-ma-na-svet-prijit-dite\/#breadcrumbitem"}]}]