[{"@context":"https:\/\/schema.org\/","@type":"Article","@id":"https:\/\/www.bellex.cz\/kuchynsky-nabytek-verny-tomu-francouzskemu\/#Article","mainEntityOfPage":"https:\/\/www.bellex.cz\/kuchynsky-nabytek-verny-tomu-francouzskemu\/","headline":"Kuchy\u0148sk\u00fd n\u00e1bytek v\u011brn\u00fd tomu francouzsk\u00e9mu","name":"Kuchy\u0148sk\u00fd n\u00e1bytek v\u011brn\u00fd tomu francouzsk\u00e9mu","description":"Zav\u00edtali jste o letn\u00ed dovolen\u00e9 do oblasti ji\u017en\u00ed Francie a prost\u0159ed\u00ed typick\u00e9 v\u0161udyp\u0159\u00edtomn\u00fdm lila zabarven\u00edm","datePublished":"2017-08-13","dateModified":"2017-08-13","author":{"@type":"Person","@id":"https:\/\/www.bellex.cz\/author\/#Person","name":"","url":"https:\/\/www.bellex.cz\/author\/","identifier":1,"image":{"@type":"ImageObject","@id":"https:\/\/secure.gravatar.com\/avatar\/4c052e7a73c1efe5fd04a7144e27996a074b623217a764a72d90cb6a084de021?s=96&d=mm&r=g","url":"https:\/\/secure.gravatar.com\/avatar\/4c052e7a73c1efe5fd04a7144e27996a074b623217a764a72d90cb6a084de021?s=96&d=mm&r=g","height":96,"width":96}},"publisher":{"@type":"Organization","name":"bellex.cz","logo":{"@type":"ImageObject","@id":"\/logo.png","url":"\/logo.png","width":600,"height":60}},"url":"https:\/\/www.bellex.cz\/kuchynsky-nabytek-verny-tomu-francouzskemu\/","about":["D\u016fm a byt"],"wordCount":400,"articleBody":"         Zav\u00edtali jste o letn\u00ed dovolen\u00e9 do oblasti ji\u017en\u00ed Francie a prost\u0159ed\u00ed typick\u00e9 v\u0161udyp\u0159\u00edtomn\u00fdm lila zabarven\u00edm a neodolatelnou v\u016fn\u00ed pokrm\u016f typick\u00fdch pro tuto oblast ve v\u00e1s nechaly tak silnou stopu, \u017ee jste se rozhodli, \u017ee si doma vytvo\u0159\u00edte z\u00e1zem\u00ed, je\u017e v\u00e1m bude v\u011brn\u011b p\u0159ipom\u00ednat tuto evropskou destinaci? A jeliko\u017e mnoho \u010dasu tr\u00e1v\u00edte ve sv\u00e9 dom\u00e1cnosti pr\u00e1v\u011b va\u0159en\u00edm, m\u00e1te v pl\u00e1nu si po\u0159\u00eddit zbrusu nov\u00fd masivn\u00ed a b\u00edl\u00fd n\u00e1bytekdo m\u00edstnosti, ur\u010den\u00e9 k p\u0159\u00edprav\u011b t\u011bchto j\u00eddel? Pro\u010d ne! Zp\u0159\u00edjemn\u011bte si \u010das, kter\u00fd v\u011bnujete kr\u00e1jen\u00ed, strouh\u00e1n\u00ed \u010di m\u00edch\u00e1n\u00ed jednotliv\u00fdch ingredienc\u00ed prost\u0159ed\u00edm, v n\u011bm\u017e se t\u011bmto \u010dinnostem v\u011bnujete. Nejen\u017ee si tak milovanou Provence p\u0159ipomenete p\u0159ipravovan\u00fdm j\u00eddlem, jeho\u017e receptura se zrodila pr\u00e1v\u011b na tomto m\u00edst\u011b, ale tak\u00e9 rustik\u00e1ln\u00ed kuchyn\u00ed, kter\u00e1 se sv\u00fdm vzhledem a materi\u00e1lem do detailu p\u0159ibl\u00ed\u017e\u00ed tomu, je\u017e v\u00e1s na va\u0161\u00ed dovolen\u00e9 v malebn\u00fdch domech obklopoval. Nastane tak nejen z\u00e1sadn\u00ed a pozitivn\u00ed zm\u011bna pro v\u00e1s, ale jist\u011b dojde i k o\u017eiven\u00ed cel\u00e9 va\u0161\u00ed dom\u00e1cnosti. Do prostoru padne p\u0159esn\u011b na milimetr  I p\u0159esto, \u017ee m\u00e1te napevno v pl\u00e1nu u\u010dinit kr\u00e1snou zm\u011bnu novou kuchyn\u00ed ve va\u0161em dom\u011b, po\u0159\u00e1d v\u00e1m v hlav\u011b vis\u00ed otazn\u00edk, jestli to bude v\u016fbec mo\u017en\u00e9 uskute\u010dnit, jeliko\u017e rozm\u011bry st\u011bn dan\u00e9 m\u00edstnosti nejsou p\u0159\u00edli\u0161 jednotn\u00e9 a vytv\u00e1\u0159\u00ed tak atypick\u00fd prostor, kter\u00fd se v\u00e1m velmi t\u011b\u017eko poda\u0159il zaplnit st\u00e1vaj\u00edc\u00ed linkou? Upozor\u0148uje-li v\u00e1s st\u00e1le tato obava ve va\u0161\u00ed mysli, pak ji d\u00edky n\u00e1m budete moci s klidn\u00fdm sv\u011bdom\u00edm zahodit! Jsme toti\u017e firmou, kter\u00e1 si sv\u00e9 z\u00e1kazn\u00edky h\u00fd\u010dk\u00e1 t\u00edm, \u017ee jim vych\u00e1z\u00ed vst\u0159\u00edc nejen v proveden\u00ed designu n\u00e1bytku, ale i v jeho zasazen\u00ed do va\u0161\u00ed dom\u00e1cnosti. To znamen\u00e1, \u017ee p\u0159i v\u00fdrob\u011b n\u00e1bytku budeme vych\u00e1zet p\u0159esn\u011b z v\u00e1mi zvolen\u00e9ho prostoru a jejich rozm\u011br\u016f! Sv\u00e9 vysn\u011bn\u00e9 b\u00edl\u00e9 rustik\u00e1ln\u00ed kuchyn\u011b se tak m\u016f\u017eete do\u010dkat v tom nejlep\u0161\u00edm a vysoce kvalitn\u00edm proveden\u00ed.                                                                                                                                                                                                                                                                                                                                                                                          4.2\/5 - (13 votes)        "},{"@context":"https:\/\/schema.org\/","@type":"BreadcrumbList","itemListElement":[{"@type":"ListItem","position":1,"name":"Kuchy\u0148sk\u00fd n\u00e1bytek v\u011brn\u00fd tomu francouzsk\u00e9mu","item":"https:\/\/www.bellex.cz\/kuchynsky-nabytek-verny-tomu-francouzskemu\/#breadcrumbitem"}]}]