[{"@context":"https:\/\/schema.org\/","@type":"Blog","@id":"https:\/\/www.bellex.cz#Blog","headline":"Bellex","description":"\nV jak\u00fdch situac\u00edch nemaj\u00ed podnikatel\u00e9 nikoho, na koho by se mohli obr\u00e1tit? Jedin\u011b v situaci, \u017ee dosud nev\u00ed o na\u0161em webu, na kter\u00fd se m\u016f\u017ee obr\u00e1tit ka\u017ed\u00fd z nich.","url":"https:\/\/www.bellex.cz","hasPart":[{"@type":"Article","@id":"https:\/\/www.bellex.cz\/kdyz-ma-na-svet-prijit-dite\/","headline":"Kdy\u017e m\u00e1 na sv\u011bt p\u0159ij\u00edt d\u00edt\u011b","url":"https:\/\/www.bellex.cz\/kdyz-ma-na-svet-prijit-dite\/","datePublished":"2019-10-07","dateModified":"2023-05-01","mainEntityOfPage":"https:\/\/www.bellex.cz\/kdyz-ma-na-svet-prijit-dite\/","author":{"@type":"Person","@id":"https:\/\/www.bellex.cz\/author\/#Person","name":"","url":"https:\/\/www.bellex.cz\/author\/","identifier":1,"image":{"@type":"ImageObject","@id":"https:\/\/secure.gravatar.com\/avatar\/4c052e7a73c1efe5fd04a7144e27996a074b623217a764a72d90cb6a084de021?s=96&d=mm&r=g","url":"https:\/\/secure.gravatar.com\/avatar\/4c052e7a73c1efe5fd04a7144e27996a074b623217a764a72d90cb6a084de021?s=96&d=mm&r=g","height":96,"width":96}},"publisher":{"@type":"Organization","name":"bellex.cz","logo":{"@type":"ImageObject","@id":"\/logo.png","url":"\/logo.png","width":600,"height":60}},"image":{"@type":"ImageObject","@id":"https:\/\/www.bellex.cz\/wp-content\/uploads\/img_a356435_w3163_t1570971915.jpg","url":"https:\/\/www.bellex.cz\/wp-content\/uploads\/img_a356435_w3163_t1570971915.jpg","height":0,"width":0},"wordCount":4757,"keywords":null},{"@type":"Article","@id":"https:\/\/www.bellex.cz\/za-zpozdeni-se-plati\/","headline":"Za zpo\u017ed\u011bn\u00ed se plat\u00ed","url":"https:\/\/www.bellex.cz\/za-zpozdeni-se-plati\/","datePublished":"2019-09-18","dateModified":"2023-05-01","mainEntityOfPage":"https:\/\/www.bellex.cz\/za-zpozdeni-se-plati\/","author":{"@type":"Person","@id":"https:\/\/www.bellex.cz\/author\/#Person","name":"","url":"https:\/\/www.bellex.cz\/author\/","identifier":1,"image":{"@type":"ImageObject","@id":"https:\/\/secure.gravatar.com\/avatar\/4c052e7a73c1efe5fd04a7144e27996a074b623217a764a72d90cb6a084de021?s=96&d=mm&r=g","url":"https:\/\/secure.gravatar.com\/avatar\/4c052e7a73c1efe5fd04a7144e27996a074b623217a764a72d90cb6a084de021?s=96&d=mm&r=g","height":96,"width":96}},"publisher":{"@type":"Organization","name":"bellex.cz","logo":{"@type":"ImageObject","@id":"\/logo.png","url":"\/logo.png","width":600,"height":60}},"image":{"@type":"ImageObject","@id":"https:\/\/www.bellex.cz\/wp-content\/uploads\/img_a350781_w1702_t1565613520.jpg","url":"https:\/\/www.bellex.cz\/wp-content\/uploads\/img_a350781_w1702_t1565613520.jpg","height":0,"width":0},"wordCount":4576,"keywords":null},{"@type":"Article","@id":"https:\/\/www.bellex.cz\/chcete-neco-znamenat-potrebujete-dobry-marketing\/","headline":"Chcete n\u011bco znamenat? Pot\u0159ebujete dobr\u00fd marketing!","url":"https:\/\/www.bellex.cz\/chcete-neco-znamenat-potrebujete-dobry-marketing\/","datePublished":"2019-09-10","dateModified":"2023-05-01","mainEntityOfPage":"https:\/\/www.bellex.cz\/chcete-neco-znamenat-potrebujete-dobry-marketing\/","author":{"@type":"Person","@id":"https:\/\/www.bellex.cz\/author\/#Person","name":"","url":"https:\/\/www.bellex.cz\/author\/","identifier":1,"image":{"@type":"ImageObject","@id":"https:\/\/secure.gravatar.com\/avatar\/4c052e7a73c1efe5fd04a7144e27996a074b623217a764a72d90cb6a084de021?s=96&d=mm&r=g","url":"https:\/\/secure.gravatar.com\/avatar\/4c052e7a73c1efe5fd04a7144e27996a074b623217a764a72d90cb6a084de021?s=96&d=mm&r=g","height":96,"width":96}},"publisher":{"@type":"Organization","name":"bellex.cz","logo":{"@type":"ImageObject","@id":"\/logo.png","url":"\/logo.png","width":600,"height":60}},"image":{"@type":"ImageObject","@id":"https:\/\/www.bellex.cz\/wp-content\/uploads\/img_a357100_w1781_t1571735537.jpg","url":"https:\/\/www.bellex.cz\/wp-content\/uploads\/img_a357100_w1781_t1571735537.jpg","height":0,"width":0},"wordCount":557,"keywords":null},{"@type":"Article","@id":"https:\/\/www.bellex.cz\/hry-na-internetu\/","headline":"Hry na internetu","url":"https:\/\/www.bellex.cz\/hry-na-internetu\/","datePublished":"2019-08-21","dateModified":"2023-05-01","mainEntityOfPage":"https:\/\/www.bellex.cz\/hry-na-internetu\/","author":{"@type":"Person","@id":"https:\/\/www.bellex.cz\/author\/#Person","name":"","url":"https:\/\/www.bellex.cz\/author\/","identifier":1,"image":{"@type":"ImageObject","@id":"https:\/\/secure.gravatar.com\/avatar\/4c052e7a73c1efe5fd04a7144e27996a074b623217a764a72d90cb6a084de021?s=96&d=mm&r=g","url":"https:\/\/secure.gravatar.com\/avatar\/4c052e7a73c1efe5fd04a7144e27996a074b623217a764a72d90cb6a084de021?s=96&d=mm&r=g","height":96,"width":96}},"publisher":{"@type":"Organization","name":"bellex.cz","logo":{"@type":"ImageObject","@id":"\/logo.png","url":"\/logo.png","width":600,"height":60}},"image":{"@type":"ImageObject","@id":"https:\/\/www.bellex.cz\/wp-content\/uploads\/img_a351449_w2690_t1566055203.jpg","url":"https:\/\/www.bellex.cz\/wp-content\/uploads\/img_a351449_w2690_t1566055203.jpg","height":0,"width":0},"wordCount":4476,"keywords":null},{"@type":"Article","@id":"https:\/\/www.bellex.cz\/proc-lide-vyuzivaji-stare-technologie\/","headline":"Pro\u010d lid\u00e9 vyu\u017e\u00edvaj\u00ed star\u00e9 technologie?","url":"https:\/\/www.bellex.cz\/proc-lide-vyuzivaji-stare-technologie\/","datePublished":"2019-08-16","dateModified":"2023-05-01","mainEntityOfPage":"https:\/\/www.bellex.cz\/proc-lide-vyuzivaji-stare-technologie\/","author":{"@type":"Person","@id":"https:\/\/www.bellex.cz\/author\/#Person","name":"","url":"https:\/\/www.bellex.cz\/author\/","identifier":1,"image":{"@type":"ImageObject","@id":"https:\/\/secure.gravatar.com\/avatar\/4c052e7a73c1efe5fd04a7144e27996a074b623217a764a72d90cb6a084de021?s=96&d=mm&r=g","url":"https:\/\/secure.gravatar.com\/avatar\/4c052e7a73c1efe5fd04a7144e27996a074b623217a764a72d90cb6a084de021?s=96&d=mm&r=g","height":96,"width":96}},"publisher":{"@type":"Organization","name":"bellex.cz","logo":{"@type":"ImageObject","@id":"\/logo.png","url":"\/logo.png","width":600,"height":60}},"image":{"@type":"ImageObject","@id":"https:\/\/www.bellex.cz\/wp-content\/uploads\/img_a352606_w3163_t1567076956.jpg","url":"https:\/\/www.bellex.cz\/wp-content\/uploads\/img_a352606_w3163_t1567076956.jpg","height":0,"width":0},"wordCount":615,"keywords":null},{"@type":"Article","@id":"https:\/\/www.bellex.cz\/jak-se-opravdu-naucit-cizi-jazyk\/","headline":"Jak se opravdu nau\u010dit ciz\u00ed jazyk","url":"https:\/\/www.bellex.cz\/jak-se-opravdu-naucit-cizi-jazyk\/","datePublished":"2019-08-15","dateModified":"2023-05-01","mainEntityOfPage":"https:\/\/www.bellex.cz\/jak-se-opravdu-naucit-cizi-jazyk\/","author":{"@type":"Person","@id":"https:\/\/www.bellex.cz\/author\/#Person","name":"","url":"https:\/\/www.bellex.cz\/author\/","identifier":1,"image":{"@type":"ImageObject","@id":"https:\/\/secure.gravatar.com\/avatar\/4c052e7a73c1efe5fd04a7144e27996a074b623217a764a72d90cb6a084de021?s=96&d=mm&r=g","url":"https:\/\/secure.gravatar.com\/avatar\/4c052e7a73c1efe5fd04a7144e27996a074b623217a764a72d90cb6a084de021?s=96&d=mm&r=g","height":96,"width":96}},"publisher":{"@type":"Organization","name":"bellex.cz","logo":{"@type":"ImageObject","@id":"\/logo.png","url":"\/logo.png","width":600,"height":60}},"image":{"@type":"ImageObject","@id":"https:\/\/www.bellex.cz\/wp-content\/uploads\/img_a352848_w3163_t1567251489.jpg","url":"https:\/\/www.bellex.cz\/wp-content\/uploads\/img_a352848_w3163_t1567251489.jpg","height":0,"width":0},"wordCount":4540,"keywords":null},{"@type":"Article","@id":"https:\/\/www.bellex.cz\/dejte-si-vsechny-udaje-dohromady\/","headline":"Dejte si v\u0161echny \u00fadaje dohromady","url":"https:\/\/www.bellex.cz\/dejte-si-vsechny-udaje-dohromady\/","datePublished":"2019-08-13","dateModified":"2023-05-01","mainEntityOfPage":"https:\/\/www.bellex.cz\/dejte-si-vsechny-udaje-dohromady\/","author":{"@type":"Person","@id":"https:\/\/www.bellex.cz\/author\/#Person","name":"","url":"https:\/\/www.bellex.cz\/author\/","identifier":1,"image":{"@type":"ImageObject","@id":"https:\/\/secure.gravatar.com\/avatar\/4c052e7a73c1efe5fd04a7144e27996a074b623217a764a72d90cb6a084de021?s=96&d=mm&r=g","url":"https:\/\/secure.gravatar.com\/avatar\/4c052e7a73c1efe5fd04a7144e27996a074b623217a764a72d90cb6a084de021?s=96&d=mm&r=g","height":96,"width":96}},"publisher":{"@type":"Organization","name":"bellex.cz","logo":{"@type":"ImageObject","@id":"\/logo.png","url":"\/logo.png","width":600,"height":60}},"image":{"@type":"ImageObject","@id":"https:\/\/www.bellex.cz\/wp-content\/uploads\/img_a360599_w2131_t1574188968.jpg","url":"https:\/\/www.bellex.cz\/wp-content\/uploads\/img_a360599_w2131_t1574188968.jpg","height":0,"width":0},"wordCount":535,"keywords":null},{"@type":"Article","@id":"https:\/\/www.bellex.cz\/osobnostni-test\/","headline":"Osobnostn\u00ed test","url":"https:\/\/www.bellex.cz\/osobnostni-test\/","datePublished":"2019-08-06","dateModified":"2023-05-01","mainEntityOfPage":"https:\/\/www.bellex.cz\/osobnostni-test\/","author":{"@type":"Person","@id":"https:\/\/www.bellex.cz\/author\/#Person","name":"","url":"https:\/\/www.bellex.cz\/author\/","identifier":1,"image":{"@type":"ImageObject","@id":"https:\/\/secure.gravatar.com\/avatar\/4c052e7a73c1efe5fd04a7144e27996a074b623217a764a72d90cb6a084de021?s=96&d=mm&r=g","url":"https:\/\/secure.gravatar.com\/avatar\/4c052e7a73c1efe5fd04a7144e27996a074b623217a764a72d90cb6a084de021?s=96&d=mm&r=g","height":96,"width":96}},"publisher":{"@type":"Organization","name":"bellex.cz","logo":{"@type":"ImageObject","@id":"\/logo.png","url":"\/logo.png","width":600,"height":60}},"image":{"@type":"ImageObject","@id":"https:\/\/www.bellex.cz\/wp-content\/uploads\/img_a353150_w3163_t1567345608.jpg","url":"https:\/\/www.bellex.cz\/wp-content\/uploads\/img_a353150_w3163_t1567345608.jpg","height":0,"width":0},"wordCount":4448,"keywords":null},{"@type":"Article","@id":"https:\/\/www.bellex.cz\/podpora-na-e-shopu\/","headline":"Podpora na e-shopu","url":"https:\/\/www.bellex.cz\/podpora-na-e-shopu\/","datePublished":"2019-08-06","dateModified":"2023-05-01","mainEntityOfPage":"https:\/\/www.bellex.cz\/podpora-na-e-shopu\/","author":{"@type":"Person","@id":"https:\/\/www.bellex.cz\/author\/#Person","name":"","url":"https:\/\/www.bellex.cz\/author\/","identifier":1,"image":{"@type":"ImageObject","@id":"https:\/\/secure.gravatar.com\/avatar\/4c052e7a73c1efe5fd04a7144e27996a074b623217a764a72d90cb6a084de021?s=96&d=mm&r=g","url":"https:\/\/secure.gravatar.com\/avatar\/4c052e7a73c1efe5fd04a7144e27996a074b623217a764a72d90cb6a084de021?s=96&d=mm&r=g","height":96,"width":96}},"publisher":{"@type":"Organization","name":"bellex.cz","logo":{"@type":"ImageObject","@id":"\/logo.png","url":"\/logo.png","width":600,"height":60}},"image":{"@type":"ImageObject","@id":"https:\/\/www.bellex.cz\/wp-content\/uploads\/img_a353918_w3315_t1568480087.jpg","url":"https:\/\/www.bellex.cz\/wp-content\/uploads\/img_a353918_w3315_t1568480087.jpg","height":0,"width":0},"wordCount":469,"keywords":null},{"@type":"Article","@id":"https:\/\/www.bellex.cz\/osram-cool-blue-intense-h7-neni-jen-na-efekt\/","headline":"Osram Cool Blue Intense H7 nen\u00ed jen na efekt","url":"https:\/\/www.bellex.cz\/osram-cool-blue-intense-h7-neni-jen-na-efekt\/","datePublished":"2019-07-18","dateModified":"2023-05-01","mainEntityOfPage":"https:\/\/www.bellex.cz\/osram-cool-blue-intense-h7-neni-jen-na-efekt\/","author":{"@type":"Person","@id":"https:\/\/www.bellex.cz\/author\/#Person","name":"","url":"https:\/\/www.bellex.cz\/author\/","identifier":1,"image":{"@type":"ImageObject","@id":"https:\/\/secure.gravatar.com\/avatar\/4c052e7a73c1efe5fd04a7144e27996a074b623217a764a72d90cb6a084de021?s=96&d=mm&r=g","url":"https:\/\/secure.gravatar.com\/avatar\/4c052e7a73c1efe5fd04a7144e27996a074b623217a764a72d90cb6a084de021?s=96&d=mm&r=g","height":96,"width":96}},"publisher":{"@type":"Organization","name":"bellex.cz","logo":{"@type":"ImageObject","@id":"\/logo.png","url":"\/logo.png","width":600,"height":60}},"image":{"@type":"ImageObject","@id":"https:\/\/www.bellex.cz\/wp-content\/uploads\/img_a354631_w3515_t1569230681.jpg","url":"https:\/\/www.bellex.cz\/wp-content\/uploads\/img_a354631_w3515_t1569230681.jpg","height":0,"width":0},"wordCount":520,"keywords":null}]},{"@context":"https:\/\/schema.org","@type":"WebSite","@id":"https:\/\/www.bellex.cz\/#website","name":"Bellex","url":"https:\/\/www.bellex.cz","potentialAction":{"@type":"SearchAction","target":"https:\/\/www.bellex.cz\/?s={search_term_string}","query-input":"required name=search_term_string"}}]