[{"@context":"https:\/\/schema.org\/","@type":"Blog","@id":"https:\/\/www.bellex.cz#Blog","headline":"Bellex","description":"\nV jak\u00fdch situac\u00edch nemaj\u00ed podnikatel\u00e9 nikoho, na koho by se mohli obr\u00e1tit? Jedin\u011b v situaci, \u017ee dosud nev\u00ed o na\u0161em webu, na kter\u00fd se m\u016f\u017ee obr\u00e1tit ka\u017ed\u00fd z nich.","url":"https:\/\/www.bellex.cz","hasPart":[{"@type":"Article","@id":"https:\/\/www.bellex.cz\/vesnicka-ma-strediskova\/","headline":"Vesni\u010dka m\u00e1 st\u0159ediskov\u00e1","url":"https:\/\/www.bellex.cz\/vesnicka-ma-strediskova\/","datePublished":"2019-06-12","dateModified":"2019-06-12","mainEntityOfPage":"https:\/\/www.bellex.cz\/vesnicka-ma-strediskova\/","author":{"@type":"Person","@id":"https:\/\/www.bellex.cz\/author\/#Person","name":"","url":"https:\/\/www.bellex.cz\/author\/","identifier":1,"image":{"@type":"ImageObject","@id":"https:\/\/secure.gravatar.com\/avatar\/4c052e7a73c1efe5fd04a7144e27996a074b623217a764a72d90cb6a084de021?s=96&d=mm&r=g","url":"https:\/\/secure.gravatar.com\/avatar\/4c052e7a73c1efe5fd04a7144e27996a074b623217a764a72d90cb6a084de021?s=96&d=mm&r=g","height":96,"width":96}},"publisher":{"@type":"Organization","name":"bellex.cz","logo":{"@type":"ImageObject","@id":"\/logo.png","url":"\/logo.png","width":600,"height":60}},"image":{"@type":"ImageObject","@id":"https:\/\/www.bellex.cz\/wp-content\/uploads\/img_a348795_w1710_t1563644837.jpg","url":"https:\/\/www.bellex.cz\/wp-content\/uploads\/img_a348795_w1710_t1563644837.jpg","height":0,"width":0},"wordCount":575,"keywords":null},{"@type":"Article","@id":"https:\/\/www.bellex.cz\/uctenkovka-cechy-nebere\/","headline":"\u00da\u010dtenkovka \u010cechy nebere","url":"https:\/\/www.bellex.cz\/uctenkovka-cechy-nebere\/","datePublished":"2019-03-27","dateModified":"2023-05-01","mainEntityOfPage":"https:\/\/www.bellex.cz\/uctenkovka-cechy-nebere\/","author":{"@type":"Person","@id":"https:\/\/www.bellex.cz\/author\/#Person","name":"","url":"https:\/\/www.bellex.cz\/author\/","identifier":1,"image":{"@type":"ImageObject","@id":"https:\/\/secure.gravatar.com\/avatar\/4c052e7a73c1efe5fd04a7144e27996a074b623217a764a72d90cb6a084de021?s=96&d=mm&r=g","url":"https:\/\/secure.gravatar.com\/avatar\/4c052e7a73c1efe5fd04a7144e27996a074b623217a764a72d90cb6a084de021?s=96&d=mm&r=g","height":96,"width":96}},"publisher":{"@type":"Organization","name":"bellex.cz","logo":{"@type":"ImageObject","@id":"\/logo.png","url":"\/logo.png","width":600,"height":60}},"image":{"@type":"ImageObject","@id":"https:\/\/www.bellex.cz\/wp-content\/uploads\/img_a339847_w2721_t1552924748.jpg","url":"https:\/\/www.bellex.cz\/wp-content\/uploads\/img_a339847_w2721_t1552924748.jpg","height":0,"width":0},"wordCount":500,"keywords":null},{"@type":"Article","@id":"https:\/\/www.bellex.cz\/zarizujeme-zvireci-domecek\/","headline":"Za\u0159izujeme zv\u00ed\u0159ec\u00ed dome\u010dek","url":"https:\/\/www.bellex.cz\/zarizujeme-zvireci-domecek\/","datePublished":"2019-02-01","dateModified":"2023-05-01","mainEntityOfPage":"https:\/\/www.bellex.cz\/zarizujeme-zvireci-domecek\/","author":{"@type":"Person","@id":"https:\/\/www.bellex.cz\/author\/#Person","name":"","url":"https:\/\/www.bellex.cz\/author\/","identifier":1,"image":{"@type":"ImageObject","@id":"https:\/\/secure.gravatar.com\/avatar\/4c052e7a73c1efe5fd04a7144e27996a074b623217a764a72d90cb6a084de021?s=96&d=mm&r=g","url":"https:\/\/secure.gravatar.com\/avatar\/4c052e7a73c1efe5fd04a7144e27996a074b623217a764a72d90cb6a084de021?s=96&d=mm&r=g","height":96,"width":96}},"publisher":{"@type":"Organization","name":"bellex.cz","logo":{"@type":"ImageObject","@id":"\/logo.png","url":"\/logo.png","width":600,"height":60}},"image":{"@type":"ImageObject","@id":"https:\/\/www.bellex.cz\/wp-content\/uploads\/img_a339285_w1725_t1552478619.jpg","url":"https:\/\/www.bellex.cz\/wp-content\/uploads\/img_a339285_w1725_t1552478619.jpg","height":0,"width":0},"wordCount":567,"keywords":null},{"@type":"Article","@id":"https:\/\/www.bellex.cz\/louis-vuitton-znacka-svetoveho-formatu\/","headline":"Louis Vuitton, zna\u010dka sv\u011btov\u00e9ho form\u00e1tu","url":"https:\/\/www.bellex.cz\/louis-vuitton-znacka-svetoveho-formatu\/","datePublished":"2019-01-27","dateModified":"2023-05-01","mainEntityOfPage":"https:\/\/www.bellex.cz\/louis-vuitton-znacka-svetoveho-formatu\/","author":{"@type":"Person","@id":"https:\/\/www.bellex.cz\/author\/#Person","name":"","url":"https:\/\/www.bellex.cz\/author\/","identifier":1,"image":{"@type":"ImageObject","@id":"https:\/\/secure.gravatar.com\/avatar\/4c052e7a73c1efe5fd04a7144e27996a074b623217a764a72d90cb6a084de021?s=96&d=mm&r=g","url":"https:\/\/secure.gravatar.com\/avatar\/4c052e7a73c1efe5fd04a7144e27996a074b623217a764a72d90cb6a084de021?s=96&d=mm&r=g","height":96,"width":96}},"publisher":{"@type":"Organization","name":"bellex.cz","logo":{"@type":"ImageObject","@id":"\/logo.png","url":"\/logo.png","width":600,"height":60}},"image":{"@type":"ImageObject","@id":"https:\/\/www.bellex.cz\/wp-content\/uploads\/img_a335245_w2742_t1548620414.jpg","url":"https:\/\/www.bellex.cz\/wp-content\/uploads\/img_a335245_w2742_t1548620414.jpg","height":0,"width":0},"wordCount":4504,"keywords":null},{"@type":"Article","@id":"https:\/\/www.bellex.cz\/zarovky-jsme-jim-odpustili\/","headline":"\u017d\u00e1rovky jsme jim odpustili","url":"https:\/\/www.bellex.cz\/zarovky-jsme-jim-odpustili\/","datePublished":"2019-01-25","dateModified":"2023-05-01","mainEntityOfPage":"https:\/\/www.bellex.cz\/zarovky-jsme-jim-odpustili\/","author":{"@type":"Person","@id":"https:\/\/www.bellex.cz\/author\/#Person","name":"","url":"https:\/\/www.bellex.cz\/author\/","identifier":1,"image":{"@type":"ImageObject","@id":"https:\/\/secure.gravatar.com\/avatar\/4c052e7a73c1efe5fd04a7144e27996a074b623217a764a72d90cb6a084de021?s=96&d=mm&r=g","url":"https:\/\/secure.gravatar.com\/avatar\/4c052e7a73c1efe5fd04a7144e27996a074b623217a764a72d90cb6a084de021?s=96&d=mm&r=g","height":96,"width":96}},"publisher":{"@type":"Organization","name":"bellex.cz","logo":{"@type":"ImageObject","@id":"\/logo.png","url":"\/logo.png","width":600,"height":60}},"image":{"@type":"ImageObject","@id":"https:\/\/www.bellex.cz\/wp-content\/uploads\/img_a335702_w2376_t1548865998.jpg","url":"https:\/\/www.bellex.cz\/wp-content\/uploads\/img_a335702_w2376_t1548865998.jpg","height":0,"width":0},"wordCount":598,"keywords":null},{"@type":"Article","@id":"https:\/\/www.bellex.cz\/konec-starosti-muzete-opet-zacit-zit\/","headline":"Konec starost\u00ed \u2013 m\u016f\u017eete op\u011bt za\u010d\u00edt \u017e\u00edt","url":"https:\/\/www.bellex.cz\/konec-starosti-muzete-opet-zacit-zit\/","datePublished":"2019-01-17","dateModified":"2023-05-01","mainEntityOfPage":"https:\/\/www.bellex.cz\/konec-starosti-muzete-opet-zacit-zit\/","author":{"@type":"Person","@id":"https:\/\/www.bellex.cz\/author\/#Person","name":"","url":"https:\/\/www.bellex.cz\/author\/","identifier":1,"image":{"@type":"ImageObject","@id":"https:\/\/secure.gravatar.com\/avatar\/4c052e7a73c1efe5fd04a7144e27996a074b623217a764a72d90cb6a084de021?s=96&d=mm&r=g","url":"https:\/\/secure.gravatar.com\/avatar\/4c052e7a73c1efe5fd04a7144e27996a074b623217a764a72d90cb6a084de021?s=96&d=mm&r=g","height":96,"width":96}},"publisher":{"@type":"Organization","name":"bellex.cz","logo":{"@type":"ImageObject","@id":"\/logo.png","url":"\/logo.png","width":600,"height":60}},"image":{"@type":"ImageObject","@id":"https:\/\/www.bellex.cz\/wp-content\/uploads\/img_a335460_w1737_t1548749701.jpg","url":"https:\/\/www.bellex.cz\/wp-content\/uploads\/img_a335460_w1737_t1548749701.jpg","height":0,"width":0},"wordCount":596,"keywords":null},{"@type":"Article","@id":"https:\/\/www.bellex.cz\/vyrobte-si-idealni-parfem\/","headline":"Vyrobte si ide\u00e1ln\u00ed parf\u00e9m!","url":"https:\/\/www.bellex.cz\/vyrobte-si-idealni-parfem\/","datePublished":"2019-01-09","dateModified":"2023-05-01","mainEntityOfPage":"https:\/\/www.bellex.cz\/vyrobte-si-idealni-parfem\/","author":{"@type":"Person","@id":"https:\/\/www.bellex.cz\/author\/#Person","name":"","url":"https:\/\/www.bellex.cz\/author\/","identifier":1,"image":{"@type":"ImageObject","@id":"https:\/\/secure.gravatar.com\/avatar\/4c052e7a73c1efe5fd04a7144e27996a074b623217a764a72d90cb6a084de021?s=96&d=mm&r=g","url":"https:\/\/secure.gravatar.com\/avatar\/4c052e7a73c1efe5fd04a7144e27996a074b623217a764a72d90cb6a084de021?s=96&d=mm&r=g","height":96,"width":96}},"publisher":{"@type":"Organization","name":"bellex.cz","logo":{"@type":"ImageObject","@id":"\/logo.png","url":"\/logo.png","width":600,"height":60}},"image":{"@type":"ImageObject","@id":"https:\/\/www.bellex.cz\/wp-content\/uploads\/img_a339012_w2797_t1552163636.jpg","url":"https:\/\/www.bellex.cz\/wp-content\/uploads\/img_a339012_w2797_t1552163636.jpg","height":0,"width":0},"wordCount":4489,"keywords":null},{"@type":"Article","@id":"https:\/\/www.bellex.cz\/drobeckova-navigace\/","headline":"Drobe\u010dkov\u00e1 navigace","url":"https:\/\/www.bellex.cz\/drobeckova-navigace\/","datePublished":"2019-01-08","dateModified":"2023-05-01","mainEntityOfPage":"https:\/\/www.bellex.cz\/drobeckova-navigace\/","author":{"@type":"Person","@id":"https:\/\/www.bellex.cz\/author\/#Person","name":"","url":"https:\/\/www.bellex.cz\/author\/","identifier":1,"image":{"@type":"ImageObject","@id":"https:\/\/secure.gravatar.com\/avatar\/4c052e7a73c1efe5fd04a7144e27996a074b623217a764a72d90cb6a084de021?s=96&d=mm&r=g","url":"https:\/\/secure.gravatar.com\/avatar\/4c052e7a73c1efe5fd04a7144e27996a074b623217a764a72d90cb6a084de021?s=96&d=mm&r=g","height":96,"width":96}},"publisher":{"@type":"Organization","name":"bellex.cz","logo":{"@type":"ImageObject","@id":"\/logo.png","url":"\/logo.png","width":600,"height":60}},"image":{"@type":"ImageObject","@id":"https:\/\/www.bellex.cz\/wp-content\/uploads\/img_a338402_w1724_t1551166991.jpg","url":"https:\/\/www.bellex.cz\/wp-content\/uploads\/img_a338402_w1724_t1551166991.jpg","height":0,"width":0},"wordCount":559,"keywords":null},{"@type":"Article","@id":"https:\/\/www.bellex.cz\/vyhody-moderni-technologie-led-zarivek\/","headline":"V\u00fdhody modern\u00ed technologie LED z\u00e1\u0159ivek","url":"https:\/\/www.bellex.cz\/vyhody-moderni-technologie-led-zarivek\/","datePublished":"2018-12-02","dateModified":"2023-05-01","mainEntityOfPage":"https:\/\/www.bellex.cz\/vyhody-moderni-technologie-led-zarivek\/","author":{"@type":"Person","@id":"https:\/\/www.bellex.cz\/author\/#Person","name":"","url":"https:\/\/www.bellex.cz\/author\/","identifier":1,"image":{"@type":"ImageObject","@id":"https:\/\/secure.gravatar.com\/avatar\/4c052e7a73c1efe5fd04a7144e27996a074b623217a764a72d90cb6a084de021?s=96&d=mm&r=g","url":"https:\/\/secure.gravatar.com\/avatar\/4c052e7a73c1efe5fd04a7144e27996a074b623217a764a72d90cb6a084de021?s=96&d=mm&r=g","height":96,"width":96}},"publisher":{"@type":"Organization","name":"bellex.cz","logo":{"@type":"ImageObject","@id":"\/logo.png","url":"\/logo.png","width":600,"height":60}},"image":{"@type":"ImageObject","@id":"https:\/\/www.bellex.cz\/wp-content\/uploads\/img_a333776_w2112_t1547236272.jpg","url":"https:\/\/www.bellex.cz\/wp-content\/uploads\/img_a333776_w2112_t1547236272.jpg","height":0,"width":0},"wordCount":514,"keywords":null},{"@type":"Article","@id":"https:\/\/www.bellex.cz\/jak-zachranit-koberec\/","headline":"Jak zachr\u00e1nit koberec?","url":"https:\/\/www.bellex.cz\/jak-zachranit-koberec\/","datePublished":"2018-11-30","dateModified":"2023-05-01","mainEntityOfPage":"https:\/\/www.bellex.cz\/jak-zachranit-koberec\/","author":{"@type":"Person","@id":"https:\/\/www.bellex.cz\/author\/#Person","name":"","url":"https:\/\/www.bellex.cz\/author\/","identifier":1,"image":{"@type":"ImageObject","@id":"https:\/\/secure.gravatar.com\/avatar\/4c052e7a73c1efe5fd04a7144e27996a074b623217a764a72d90cb6a084de021?s=96&d=mm&r=g","url":"https:\/\/secure.gravatar.com\/avatar\/4c052e7a73c1efe5fd04a7144e27996a074b623217a764a72d90cb6a084de021?s=96&d=mm&r=g","height":96,"width":96}},"publisher":{"@type":"Organization","name":"bellex.cz","logo":{"@type":"ImageObject","@id":"\/logo.png","url":"\/logo.png","width":600,"height":60}},"image":{"@type":"ImageObject","@id":"https:\/\/www.bellex.cz\/wp-content\/uploads\/img_a335693_w2498_t1548864681.jpg","url":"https:\/\/www.bellex.cz\/wp-content\/uploads\/img_a335693_w2498_t1548864681.jpg","height":0,"width":0},"wordCount":645,"keywords":null}]},{"@context":"https:\/\/schema.org","@type":"WebSite","@id":"https:\/\/www.bellex.cz\/#website","name":"Bellex","url":"https:\/\/www.bellex.cz","potentialAction":{"@type":"SearchAction","target":"https:\/\/www.bellex.cz\/?s={search_term_string}","query-input":"required name=search_term_string"}}]