[{"@context":"https:\/\/schema.org\/","@type":"Blog","@id":"https:\/\/www.bellex.cz#Blog","headline":"Bellex","description":"\nV jak\u00fdch situac\u00edch nemaj\u00ed podnikatel\u00e9 nikoho, na koho by se mohli obr\u00e1tit? Jedin\u011b v situaci, \u017ee dosud nev\u00ed o na\u0161em webu, na kter\u00fd se m\u016f\u017ee obr\u00e1tit ka\u017ed\u00fd z nich.","url":"https:\/\/www.bellex.cz","hasPart":[{"@type":"Article","@id":"https:\/\/www.bellex.cz\/machovo-jezero-chatky\/","headline":"M\u00e1chovo jezero chatky","url":"https:\/\/www.bellex.cz\/machovo-jezero-chatky\/","datePublished":"2025-01-05","dateModified":"2025-01-05","mainEntityOfPage":"https:\/\/www.bellex.cz\/machovo-jezero-chatky\/","author":{"@type":"Person","@id":"https:\/\/www.bellex.cz\/author\/#Person","name":"","url":"https:\/\/www.bellex.cz\/author\/","identifier":1,"image":{"@type":"ImageObject","@id":"https:\/\/secure.gravatar.com\/avatar\/4c052e7a73c1efe5fd04a7144e27996a074b623217a764a72d90cb6a084de021?s=96&d=mm&r=g","url":"https:\/\/secure.gravatar.com\/avatar\/4c052e7a73c1efe5fd04a7144e27996a074b623217a764a72d90cb6a084de021?s=96&d=mm&r=g","height":96,"width":96}},"publisher":{"@type":"Organization","name":"bellex.cz","logo":{"@type":"ImageObject","@id":"\/logo.png","url":"\/logo.png","width":600,"height":60}},"image":null,"wordCount":212,"keywords":null},{"@type":"Article","@id":"https:\/\/www.bellex.cz\/vladcem-znameni-blizencu-je-planeta-merkur\/","headline":"Vl\u00e1dcem znamen\u00ed Bl\u00ed\u017eenc\u016f je planeta Merkur","url":"https:\/\/www.bellex.cz\/vladcem-znameni-blizencu-je-planeta-merkur\/","datePublished":"2024-12-26","dateModified":"2024-12-26","mainEntityOfPage":"https:\/\/www.bellex.cz\/vladcem-znameni-blizencu-je-planeta-merkur\/","author":{"@type":"Person","@id":"https:\/\/www.bellex.cz\/author\/#Person","name":"","url":"https:\/\/www.bellex.cz\/author\/","identifier":1,"image":{"@type":"ImageObject","@id":"https:\/\/secure.gravatar.com\/avatar\/4c052e7a73c1efe5fd04a7144e27996a074b623217a764a72d90cb6a084de021?s=96&d=mm&r=g","url":"https:\/\/secure.gravatar.com\/avatar\/4c052e7a73c1efe5fd04a7144e27996a074b623217a764a72d90cb6a084de021?s=96&d=mm&r=g","height":96,"width":96}},"publisher":{"@type":"Organization","name":"bellex.cz","logo":{"@type":"ImageObject","@id":"\/logo.png","url":"\/logo.png","width":600,"height":60}},"image":null,"wordCount":207,"keywords":null},{"@type":"Article","@id":"https:\/\/www.bellex.cz\/sauny\/","headline":"Sauny","url":"https:\/\/www.bellex.cz\/sauny\/","datePublished":"2024-12-22","dateModified":"2024-12-22","mainEntityOfPage":"https:\/\/www.bellex.cz\/sauny\/","author":{"@type":"Person","@id":"https:\/\/www.bellex.cz\/author\/#Person","name":"","url":"https:\/\/www.bellex.cz\/author\/","identifier":1,"image":{"@type":"ImageObject","@id":"https:\/\/secure.gravatar.com\/avatar\/4c052e7a73c1efe5fd04a7144e27996a074b623217a764a72d90cb6a084de021?s=96&d=mm&r=g","url":"https:\/\/secure.gravatar.com\/avatar\/4c052e7a73c1efe5fd04a7144e27996a074b623217a764a72d90cb6a084de021?s=96&d=mm&r=g","height":96,"width":96}},"publisher":{"@type":"Organization","name":"bellex.cz","logo":{"@type":"ImageObject","@id":"\/logo.png","url":"\/logo.png","width":600,"height":60}},"image":null,"wordCount":247,"keywords":null},{"@type":"Article","@id":"https:\/\/www.bellex.cz\/garnyze-pro-pestre-bydleni\/","headline":"Garn\u00fd\u017ee pro pestr\u00e9 bydlen\u00ed","url":"https:\/\/www.bellex.cz\/garnyze-pro-pestre-bydleni\/","datePublished":"2024-12-15","dateModified":"2024-12-15","mainEntityOfPage":"https:\/\/www.bellex.cz\/garnyze-pro-pestre-bydleni\/","author":{"@type":"Person","@id":"https:\/\/www.bellex.cz\/author\/#Person","name":"","url":"https:\/\/www.bellex.cz\/author\/","identifier":1,"image":{"@type":"ImageObject","@id":"https:\/\/secure.gravatar.com\/avatar\/4c052e7a73c1efe5fd04a7144e27996a074b623217a764a72d90cb6a084de021?s=96&d=mm&r=g","url":"https:\/\/secure.gravatar.com\/avatar\/4c052e7a73c1efe5fd04a7144e27996a074b623217a764a72d90cb6a084de021?s=96&d=mm&r=g","height":96,"width":96}},"publisher":{"@type":"Organization","name":"bellex.cz","logo":{"@type":"ImageObject","@id":"\/logo.png","url":"\/logo.png","width":600,"height":60}},"image":null,"wordCount":230,"keywords":null},{"@type":"Article","@id":"https:\/\/www.bellex.cz\/dorucime-vam-nase-vyborne-pizzy\/","headline":"Doru\u010d\u00edme v\u00e1m na\u0161e v\u00fdborn\u00e9 pizzy","url":"https:\/\/www.bellex.cz\/dorucime-vam-nase-vyborne-pizzy\/","datePublished":"2024-12-08","dateModified":"2024-12-08","mainEntityOfPage":"https:\/\/www.bellex.cz\/dorucime-vam-nase-vyborne-pizzy\/","author":{"@type":"Person","@id":"https:\/\/www.bellex.cz\/author\/#Person","name":"","url":"https:\/\/www.bellex.cz\/author\/","identifier":1,"image":{"@type":"ImageObject","@id":"https:\/\/secure.gravatar.com\/avatar\/4c052e7a73c1efe5fd04a7144e27996a074b623217a764a72d90cb6a084de021?s=96&d=mm&r=g","url":"https:\/\/secure.gravatar.com\/avatar\/4c052e7a73c1efe5fd04a7144e27996a074b623217a764a72d90cb6a084de021?s=96&d=mm&r=g","height":96,"width":96}},"publisher":{"@type":"Organization","name":"bellex.cz","logo":{"@type":"ImageObject","@id":"\/logo.png","url":"\/logo.png","width":600,"height":60}},"image":null,"wordCount":233,"keywords":null},{"@type":"Article","@id":"https:\/\/www.bellex.cz\/nejsou-penize\/","headline":"Nejsou pen\u00edze","url":"https:\/\/www.bellex.cz\/nejsou-penize\/","datePublished":"2024-11-30","dateModified":"2024-11-30","mainEntityOfPage":"https:\/\/www.bellex.cz\/nejsou-penize\/","author":{"@type":"Person","@id":"https:\/\/www.bellex.cz\/author\/#Person","name":"","url":"https:\/\/www.bellex.cz\/author\/","identifier":1,"image":{"@type":"ImageObject","@id":"https:\/\/secure.gravatar.com\/avatar\/4c052e7a73c1efe5fd04a7144e27996a074b623217a764a72d90cb6a084de021?s=96&d=mm&r=g","url":"https:\/\/secure.gravatar.com\/avatar\/4c052e7a73c1efe5fd04a7144e27996a074b623217a764a72d90cb6a084de021?s=96&d=mm&r=g","height":96,"width":96}},"publisher":{"@type":"Organization","name":"bellex.cz","logo":{"@type":"ImageObject","@id":"\/logo.png","url":"\/logo.png","width":600,"height":60}},"image":null,"wordCount":227,"keywords":null},{"@type":"Article","@id":"https:\/\/www.bellex.cz\/krouzek-ktery-nema-nikde-zacatek-a-konec\/","headline":"Krou\u017eek, kter\u00fd nem\u00e1 nikde za\u010d\u00e1tek a konec","url":"https:\/\/www.bellex.cz\/krouzek-ktery-nema-nikde-zacatek-a-konec\/","datePublished":"2024-11-21","dateModified":"2024-11-21","mainEntityOfPage":"https:\/\/www.bellex.cz\/krouzek-ktery-nema-nikde-zacatek-a-konec\/","author":{"@type":"Person","@id":"https:\/\/www.bellex.cz\/author\/#Person","name":"","url":"https:\/\/www.bellex.cz\/author\/","identifier":1,"image":{"@type":"ImageObject","@id":"https:\/\/secure.gravatar.com\/avatar\/4c052e7a73c1efe5fd04a7144e27996a074b623217a764a72d90cb6a084de021?s=96&d=mm&r=g","url":"https:\/\/secure.gravatar.com\/avatar\/4c052e7a73c1efe5fd04a7144e27996a074b623217a764a72d90cb6a084de021?s=96&d=mm&r=g","height":96,"width":96}},"publisher":{"@type":"Organization","name":"bellex.cz","logo":{"@type":"ImageObject","@id":"\/logo.png","url":"\/logo.png","width":600,"height":60}},"image":null,"wordCount":209,"keywords":null},{"@type":"Article","@id":"https:\/\/www.bellex.cz\/vice-prijemnych-chvil-v-zahrade-primo-u-vas-doma\/","headline":"V\u00edce p\u0159\u00edjemn\u00fdch chvil v zahrad\u011b p\u0159\u00edmo u v\u00e1s doma","url":"https:\/\/www.bellex.cz\/vice-prijemnych-chvil-v-zahrade-primo-u-vas-doma\/","datePublished":"2024-11-16","dateModified":"2024-11-16","mainEntityOfPage":"https:\/\/www.bellex.cz\/vice-prijemnych-chvil-v-zahrade-primo-u-vas-doma\/","author":{"@type":"Person","@id":"https:\/\/www.bellex.cz\/author\/#Person","name":"","url":"https:\/\/www.bellex.cz\/author\/","identifier":1,"image":{"@type":"ImageObject","@id":"https:\/\/secure.gravatar.com\/avatar\/4c052e7a73c1efe5fd04a7144e27996a074b623217a764a72d90cb6a084de021?s=96&d=mm&r=g","url":"https:\/\/secure.gravatar.com\/avatar\/4c052e7a73c1efe5fd04a7144e27996a074b623217a764a72d90cb6a084de021?s=96&d=mm&r=g","height":96,"width":96}},"publisher":{"@type":"Organization","name":"bellex.cz","logo":{"@type":"ImageObject","@id":"\/logo.png","url":"\/logo.png","width":600,"height":60}},"image":null,"wordCount":234,"keywords":null},{"@type":"Article","@id":"https:\/\/www.bellex.cz\/driv-nez-rekne-ano\/","headline":"D\u0159\u00edv, ne\u017e \u0159ekne ano","url":"https:\/\/www.bellex.cz\/driv-nez-rekne-ano\/","datePublished":"2024-11-07","dateModified":"2024-11-07","mainEntityOfPage":"https:\/\/www.bellex.cz\/driv-nez-rekne-ano\/","author":{"@type":"Person","@id":"https:\/\/www.bellex.cz\/author\/#Person","name":"","url":"https:\/\/www.bellex.cz\/author\/","identifier":1,"image":{"@type":"ImageObject","@id":"https:\/\/secure.gravatar.com\/avatar\/4c052e7a73c1efe5fd04a7144e27996a074b623217a764a72d90cb6a084de021?s=96&d=mm&r=g","url":"https:\/\/secure.gravatar.com\/avatar\/4c052e7a73c1efe5fd04a7144e27996a074b623217a764a72d90cb6a084de021?s=96&d=mm&r=g","height":96,"width":96}},"publisher":{"@type":"Organization","name":"bellex.cz","logo":{"@type":"ImageObject","@id":"\/logo.png","url":"\/logo.png","width":600,"height":60}},"image":null,"wordCount":221,"keywords":null},{"@type":"Article","@id":"https:\/\/www.bellex.cz\/prenos-krouticiho-momentu-s-jistotou\/","headline":"P\u0159enos kroutic\u00edho momentu s jistotou","url":"https:\/\/www.bellex.cz\/prenos-krouticiho-momentu-s-jistotou\/","datePublished":"2024-11-01","dateModified":"2024-11-01","mainEntityOfPage":"https:\/\/www.bellex.cz\/prenos-krouticiho-momentu-s-jistotou\/","author":{"@type":"Person","@id":"https:\/\/www.bellex.cz\/author\/#Person","name":"","url":"https:\/\/www.bellex.cz\/author\/","identifier":1,"image":{"@type":"ImageObject","@id":"https:\/\/secure.gravatar.com\/avatar\/4c052e7a73c1efe5fd04a7144e27996a074b623217a764a72d90cb6a084de021?s=96&d=mm&r=g","url":"https:\/\/secure.gravatar.com\/avatar\/4c052e7a73c1efe5fd04a7144e27996a074b623217a764a72d90cb6a084de021?s=96&d=mm&r=g","height":96,"width":96}},"publisher":{"@type":"Organization","name":"bellex.cz","logo":{"@type":"ImageObject","@id":"\/logo.png","url":"\/logo.png","width":600,"height":60}},"image":null,"wordCount":280,"keywords":null}]},{"@context":"https:\/\/schema.org","@type":"WebSite","@id":"https:\/\/www.bellex.cz\/#website","name":"Bellex","url":"https:\/\/www.bellex.cz","potentialAction":{"@type":"SearchAction","target":"https:\/\/www.bellex.cz\/?s={search_term_string}","query-input":"required name=search_term_string"}}]