[{"@context":"https:\/\/schema.org\/","@type":"Article","@id":"https:\/\/www.bellex.cz\/pekne-skrine\/#Article","mainEntityOfPage":"https:\/\/www.bellex.cz\/pekne-skrine\/","headline":"P\u011bkn\u00e9 sk\u0159\u00edn\u011b","name":"P\u011bkn\u00e9 sk\u0159\u00edn\u011b","description":"M\u00e1te doma n\u011bjak\u00e9 sk\u0159\u00edn\u011b? J\u00e1 si mysl\u00edm, \u017ee asi nen\u00ed v\u016fbec \u017e\u00e1dn\u00e1 dom\u00e1cnost, kde by","datePublished":"2025-02-19","dateModified":"2025-02-19","author":{"@type":"Person","@id":"https:\/\/www.bellex.cz\/author\/#Person","name":"","url":"https:\/\/www.bellex.cz\/author\/","identifier":1,"image":{"@type":"ImageObject","@id":"https:\/\/secure.gravatar.com\/avatar\/4c052e7a73c1efe5fd04a7144e27996a074b623217a764a72d90cb6a084de021?s=96&d=mm&r=g","url":"https:\/\/secure.gravatar.com\/avatar\/4c052e7a73c1efe5fd04a7144e27996a074b623217a764a72d90cb6a084de021?s=96&d=mm&r=g","height":96,"width":96}},"publisher":{"@type":"Organization","name":"bellex.cz","logo":{"@type":"ImageObject","@id":"\/logo.png","url":"\/logo.png","width":600,"height":60}},"image":{"@type":"ImageObject","@id":"https:\/\/www.bellex.cz\/wp-content\/uploads\/sk%C5%99%C3%AD%C5%88%20se%20zrcadlem_2.jpg","url":"https:\/\/www.bellex.cz\/wp-content\/uploads\/sk%C5%99%C3%AD%C5%88%20se%20zrcadlem_2.jpg","height":0,"width":0},"url":"https:\/\/www.bellex.cz\/pekne-skrine\/","about":["V\u00fdrobky"],"wordCount":436,"articleBody":"   M\u00e1te doma n\u011bjak\u00e9 sk\u0159\u00edn\u011b? J\u00e1 si mysl\u00edm, \u017ee asi nen\u00ed v\u016fbec \u017e\u00e1dn\u00e1 dom\u00e1cnost, kde by pr\u00e1v\u011b nebyly \u017e\u00e1dn\u00e9 sk\u0159\u00edn\u011b. A pokud tak\u00e9 zrovna chyst\u00e1te n\u011bjakou renovaci va\u0161eho interi\u00e9ru, tak bych doporu\u010dovala opravdu kr\u00e1sn\u00e9 vestav\u011bn\u00e9 sk\u0159\u00edn\u011b, kde je tak\u00e9 zrcadlo. Vestav\u011bn\u00e9 sk\u0159\u00edn\u011b se zrcadlem Sten-skrine vypadaj\u00ed stylov\u011b. J\u00e1 sama jsem si \u0159ekla, \u017ee a\u017e p\u0159\u00ed\u0161t\u00ed rok budeme renovovat n\u00e1\u0161 interi\u00e9r, \u017ee bych si tak\u00e9 po\u0159\u00eddila vestav\u011bnou sk\u0159\u00ed\u0148 se zrcadlem. Moje kamar\u00e1dka tohle m\u00e1. Ona \u0159\u00edkala, \u017ee s t\u00edm je opravdu maxim\u00e1ln\u011b spokojen\u00e1 a pokud nev\u00edte, co je to vestav\u011bn\u00e1 sk\u0159\u00ed\u0148 se zrcadlem anebo klasick\u00e1 vestav\u011bn\u00e1 sk\u0159\u00ed\u0148, tak na internetu se to v\u0161echno dozv\u00edte.Je to opravdu hodn\u011b praktick\u00e9, kdy\u017e m\u00e1te vestav\u011bn\u00e9 sk\u0159\u00edn\u011b nebo vestav\u011bn\u00e9 spot\u0159ebi\u010de, tak to znamen\u00e1, \u017ee v\u0161echno m\u00e1te opravdu d\u011blan\u00e9 na m\u00edru, \u017ee v\u00e1m tam nikde nebude nic p\u0159e\u010duhovat a nebude v\u00e1m tam ani nic chyb\u011bt. Tohle je podle m\u00e9ho n\u00e1zoru opravdu perfektn\u00ed a tak\u00e9 velice praktick\u00e9. M\u016fj bratr tak\u00e9 uva\u017euje, \u017ee si po\u0159\u00edd\u00ed vestav\u011bnou troubu. J\u00e1 na tom nevid\u00edm v\u016fbec nic \u0161patn\u00e9ho a pr\u00e1v\u011b naopak, m\u011b to p\u0159ijde velice praktick\u00e9 a tak\u00e9 kr\u00e1sn\u00e9. Vypad\u00e1 to i stylov\u011b a j\u00e1 s partnerem u\u017e p\u0159em\u00fd\u0161l\u00edme, \u017ee tak\u00e9 budeme p\u0159\u00ed\u0161t\u00ed rok d\u011blat n\u00e1\u0161 interi\u00e9r \u00fapln\u011b nov\u00fd. A \u0159ekla jsem si, \u017ee bych do chodby cht\u011bla vestav\u011bnou sk\u0159\u00ed\u0148 se zrcadlem partnerovi to na\u0161t\u011bst\u00ed v\u016fbec nevadilo. On s\u00e1m \u0159\u00edkal, \u017ee si m\u00e1m tak\u00e9 \u0159\u00edct n\u011bco, co by se mi l\u00edbilo, nebo co bych pot\u0159ebovala. Ne, \u017ee bych tohle pot\u0159ebovala \u00fapln\u011b nutn\u011b, ale mn\u011b se to moc l\u00edb\u00ed. Kdy\u017e jsem tohle vid\u011bla u kamar\u00e1dky, tak ona \u0159ekla, \u017ee je to velice praktick\u00e9 a \u017ee tohle doporu\u010duje opravdu v\u0161em. \u017de pr\u00fd tak\u00e9 m\u016f\u017eete m\u00edt takovou vestav\u011bnou sk\u0159\u00ed\u0148 se zrcadlem, kde bude tak\u00e9 \u0161atn\u00ed sk\u0159\u00ed\u0148. T\u0159eba p\u00e1r v\u011b\u0161\u00e1k\u016f anebo poli\u010dek, kam vy si vlastn\u011b m\u016f\u017eete d\u00e1t sv\u00e9 oble\u010den\u00ed? A j\u00e1 si mysl\u00edm, \u017ee tohle vypad\u00e1 opravdu stylov\u011b a p\u011bkn\u011b. Nav\u00edc je to tak\u00e9 praktick\u00e9, pokud i vy st\u00e1le v\u00e1h\u00e1te, jestli si po\u0159\u00edd\u00edte dra\u017e\u0161\u00ed vestav\u011bnou sk\u0159\u00ed\u0148 se zrcadlem, tak nev\u00e1hejte. Vypad\u00e1 to opravdu p\u011bkn\u011b a je to nejv\u00edce praktick\u00e9.                                                                                                                                                                                                                                                                                                                                                                                           4.4\/5 - (13 votes)        "},{"@context":"https:\/\/schema.org\/","@type":"BreadcrumbList","itemListElement":[{"@type":"ListItem","position":1,"name":"P\u011bkn\u00e9 sk\u0159\u00edn\u011b","item":"https:\/\/www.bellex.cz\/pekne-skrine\/#breadcrumbitem"}]}]