[{"@context":"https:\/\/schema.org\/","@type":"Article","@id":"https:\/\/www.bellex.cz\/prodlouzene-vikendy\/#Article","mainEntityOfPage":"https:\/\/www.bellex.cz\/prodlouzene-vikendy\/","headline":"Prodlou\u017een\u00e9 v\u00edkendy","name":"Prodlou\u017een\u00e9 v\u00edkendy","description":"Komu by se nel\u00edbilo, kdyby m\u011bl v\u00edce volna, ne\u017e na kter\u00e9 m\u00e1 n\u00e1rok ze z\u00e1kona?","datePublished":"2024-09-23","dateModified":"2024-09-23","author":{"@type":"Person","@id":"https:\/\/www.bellex.cz\/author\/#Person","name":"","url":"https:\/\/www.bellex.cz\/author\/","identifier":1,"image":{"@type":"ImageObject","@id":"https:\/\/secure.gravatar.com\/avatar\/4c052e7a73c1efe5fd04a7144e27996a074b623217a764a72d90cb6a084de021?s=96&d=mm&r=g","url":"https:\/\/secure.gravatar.com\/avatar\/4c052e7a73c1efe5fd04a7144e27996a074b623217a764a72d90cb6a084de021?s=96&d=mm&r=g","height":96,"width":96}},"publisher":{"@type":"Organization","name":"bellex.cz","logo":{"@type":"ImageObject","@id":"\/logo.png","url":"\/logo.png","width":600,"height":60}},"image":{"@type":"ImageObject","@id":"https:\/\/www.bellex.cz\/wp-content\/uploads\/pexels-gabby-k-5635110.jpg","url":"https:\/\/www.bellex.cz\/wp-content\/uploads\/pexels-gabby-k-5635110.jpg","height":0,"width":0},"url":"https:\/\/www.bellex.cz\/prodlouzene-vikendy\/","about":["\u017divotn\u00ed styl\r"],"wordCount":427,"articleBody":"Komu by se nel\u00edbilo, kdyby m\u011bl v\u00edce volna, ne\u017e na kter\u00e9 m\u00e1 n\u00e1rok ze z\u00e1kona? Z\u00e1kon\u00edk pr\u00e1ce ka\u017ed\u00e9mu zam\u011bstnanci umo\u017e\u0148uje \u010derpat ur\u010dit\u00fd po\u010det dovolen\u00e9, a mnoz\u00ed zam\u011bstnavatel\u00e9 d\u00e1vaj\u00ed jako pracovn\u00ed benefit t\u0159eba t\u00fdden nav\u00edc nad r\u00e1mec z\u00e1kona. Probl\u00e9m je, \u017ee dovolenou v\u00e1m ur\u010duje zam\u011bstnavatel, kter\u00fd v\u00e1m dovolenou mus\u00ed odsouhlasit a m\u016f\u017ee v\u00e1m ji v krajn\u00edm p\u0159\u00edpad\u011b dokonce i zru\u0161it.Jinak jsou na tom st\u00e1tn\u00ed sv\u00e1tkyU st\u00e1tn\u00edch sv\u00e1tk\u016f je to jin\u00e9. Kdo nepracuje v nep\u0159etr\u017eit\u00e9m provozu anebo v obchodech, kter\u00e9 b\u00fdvaj\u00ed i ve sv\u00e1tky v n\u011bkter\u00fdch p\u0159\u00edpadech otev\u0159en\u00e9, m\u00e1 den volna nav\u00edc. A kdy\u017e volno vyjde na pond\u011bl\u00ed nebo na p\u00e1tek, je to nejlep\u0161\u00ed mo\u017en\u00e1 varianta, proto\u017ee t\u00edm budete m\u00edt t\u0159eba i 4 dny volna v kuse, ani\u017e by v\u00e1s to st\u00e1lo jeden jedin\u00fd den z dovolen\u00e9. Pr\u00e1v\u011b takto prodlou\u017een\u00e9 v\u00edkendy l\u00e1kaj\u00ed k tomu, aby je lid\u00e9 tr\u00e1vili mimo domov. Ceny pobyt\u016f v r\u016fzn\u00fdch apartm\u00e1nech jsou dostupn\u00e9 i pro rodiny s d\u011btmi, a je to pro n\u011b takov\u00e1 mini dovolen\u00e1. M\u016f\u017eete tak pozn\u00e1vat kr\u00e1sy \u010ceska t\u0159eba na kolech a m\u016f\u017eete si u\u017e\u00edt spoustu z\u00e1bavy, na kterou b\u011bhem \u0159\u00e1dn\u00e9 letn\u00ed dovolen\u00e9 nem\u00e1te \u010das. Pokud si pobyt zarezervujete s dostate\u010dn\u00fdm p\u0159edstihem, budete m\u00edt nav\u00edc jistotu \u017ee budete m\u00edt pobyt zarezervovan\u00fd. N\u011bkdy se toti\u017e st\u00e1v\u00e1 \u017ee kdy\u017e hled\u00e1te ubytov\u00e1n\u00ed na posledn\u00ed chv\u00edli, v\u0161ude je plno, anebo v\u00e1m ubytovac\u00ed za\u0159\u00edzen\u00ed pobyt na posledn\u00ed chv\u00edli zru\u0161\u00ed kv\u016fli n\u011bkomu, kdo se chce ubytovat na del\u0161\u00ed dobu. I to je d\u016fvod pro\u010d st\u00e1le roste z\u00e1jem o chaty a chalupy \u2013 m\u016f\u017eete odjet z domova, ale st\u00e1le do sv\u00e9ho. Lid\u00e9, kte\u0159\u00ed maj\u00ed pen\u00edze nazbyt dokonce hledaj\u00ed apartm\u00e1ny v zahrani\u010d\u00ed, proto\u017ee nap\u0159\u00edklad do Chorvatska dojedete p\u0159es noc a m\u016f\u017eete si tak u\u017e\u00edt t\u0159i plnohodnotn\u00e9 dny u mo\u0159e. Na\u010derpat s\u00edly n\u011bkde mimo domov je skv\u011bl\u00fd druh odpo\u010dinku, a pokud m\u00e1te mo\u017enost, ur\u010dit\u011b ji vyu\u017e\u00edvejte. Je lep\u0161\u00ed n\u011bkam vyrazit a pozn\u00e1vat jin\u00e1 m\u00edsta ne\u017e sed\u011bt doma a \u010dekat na dovolenou.                                                                                                                                                                                                                                                                                                                                                                                        4.1\/5 - (10 votes)        "},{"@context":"https:\/\/schema.org\/","@type":"BreadcrumbList","itemListElement":[{"@type":"ListItem","position":1,"name":"Prodlou\u017een\u00e9 v\u00edkendy","item":"https:\/\/www.bellex.cz\/prodlouzene-vikendy\/#breadcrumbitem"}]}]