[{"@context":"https:\/\/schema.org\/","@type":"Article","@id":"https:\/\/www.bellex.cz\/s-taznym-zarizenim-na-vw-touran-na-dovolenou-po-ceske-republice\/#Article","mainEntityOfPage":"https:\/\/www.bellex.cz\/s-taznym-zarizenim-na-vw-touran-na-dovolenou-po-ceske-republice\/","headline":"S ta\u017en\u00fdm za\u0159\u00edzen\u00edm na VW Touran na dovolenou po \u010cesk\u00e9 republice","name":"S ta\u017en\u00fdm za\u0159\u00edzen\u00edm na VW Touran na dovolenou po \u010cesk\u00e9 republice","description":"D\u016fvod\u016f, pro\u010d si po\u0159\u00eddit ta\u017en\u00e9 za\u0159\u00edzen\u00ed na VW Touran, je cel\u00e1 \u0159ada. Mohli bychom zm\u00ednit","datePublished":"2021-12-08","dateModified":"2023-05-01","author":{"@type":"Person","@id":"https:\/\/www.bellex.cz\/author\/#Person","name":"","url":"https:\/\/www.bellex.cz\/author\/","identifier":1,"image":{"@type":"ImageObject","@id":"https:\/\/secure.gravatar.com\/avatar\/4c052e7a73c1efe5fd04a7144e27996a074b623217a764a72d90cb6a084de021?s=96&d=mm&r=g","url":"https:\/\/secure.gravatar.com\/avatar\/4c052e7a73c1efe5fd04a7144e27996a074b623217a764a72d90cb6a084de021?s=96&d=mm&r=g","height":96,"width":96}},"publisher":{"@type":"Organization","name":"bellex.cz","logo":{"@type":"ImageObject","@id":"\/logo.png","url":"\/logo.png","width":600,"height":60}},"image":{"@type":"ImageObject","@id":"https:\/\/www.bellex.cz\/wp-content\/uploads\/town-square-6694937_640_1.jpg","url":"https:\/\/www.bellex.cz\/wp-content\/uploads\/town-square-6694937_640_1.jpg","height":0,"width":0},"url":"https:\/\/www.bellex.cz\/s-taznym-zarizenim-na-vw-touran-na-dovolenou-po-ceske-republice\/","about":["V\u00fdrobky"],"wordCount":406,"articleBody":"   D\u016fvod\u016f, pro\u010d si po\u0159\u00eddit ta\u017en\u00e9 za\u0159\u00edzen\u00ed na VW Touran, je cel\u00e1 \u0159ada. Mohli bychom zm\u00ednit kup\u0159\u00edkladu logistick\u00e9 operace, nez\u00e1visl\u00e9 na extern\u00edch firm\u00e1ch a p\u0159epravn\u00edch spole\u010dnostech, co\u017e se t\u00fdk\u00e1 vykl\u00edzen\u00ed byt\u016f a st\u011bhov\u00e1n\u00ed, n\u00e1kup\u016f, p\u0159ev\u00e1\u017een\u00ed v\u011bc\u00ed z bytu na chalupu a opa\u010dn\u011b a dal\u0161\u00ed z\u00e1le\u017eitosti spojen\u00e9 s p\u0159ev\u00e1\u017een\u00edm r\u016fzn\u00fdch b\u0159emen, co se nevejdou do zavazadlov\u00e9ho prostoru vozidla.M\u00edt k dispozici kouli za autem, je krok k vlastn\u00ed nez\u00e1vislosti i na dovolen\u00fdch. A n\u011bkte\u0159\u00ed z v\u00e1s mo\u017en\u00e1 zji\u0161\u0165uj\u00ed, \u017ee v sou\u010dasn\u00e9 \u201ecovidov\u00e9\u201c dob\u011b je snaz\u0161\u00ed a m\u00e9n\u011b stresuj\u00edc\u00ed tr\u00e1vit voln\u00e9 dny v na\u0161\u00ed zemi, ani\u017e byste se museli n\u011bkde prokazovat, \u017ee jste k tr\u00e1ven\u00ed voln\u00fdch dn\u016f v\u016fbec zp\u016fsobil\u00ed. Jedn\u00edm z p\u0159\u00edklad\u016f m\u016f\u017ee b\u00fdt pronajat\u00fd obytn\u00fd karavan nebo putov\u00e1n\u00ed po \u0159ek\u00e1ch s vlastn\u00edm vod\u00e1ck\u00fdm vybaven\u00edm, s pobytem na nouzov\u00fdch vod\u00e1ck\u00fdch t\u00e1bo\u0159i\u0161t\u00edch, kter\u00e1 jsou nesm\u00edrn\u011b benevolentn\u00ed. N\u011bkter\u00e9 z nich m\u016f\u017ee obsadit jen va\u0161e parta a s ciz\u00edmi lidmi se v podstat\u011b na dovolen\u00e9 v\u016fbec nemus\u00edte potkat.Jedin\u00e9, co k tomu pot\u0159ebujete, je skute\u010dn\u011b ta koule za autem. Pohodln\u011b p\u0159ipoj\u00edte p\u0159\u00edv\u011bs, voz\u00edk, nosi\u010d j\u00edzdn\u00edch kol, vlastn\u011b cokoli, co lze bu\u010f vlastnit, nebo pronajmout. Pron\u00e1jmy karavan\u016f a p\u0159\u00edv\u011bs\u016f jsou dnes naprosto b\u011b\u017en\u00e9, pouze si je mus\u00edte rezervovat v\u010das.A kam se vydat za hranice v\u0161ednosti, abyste si opravdu odpo\u010dinuli, nestr\u00e1dali n\u011bjak\u00fdmi omezen\u00edmi a u\u017e\u00edvali si okoln\u00ed p\u0159\u00edrody?Vyh\u00fdbejte se p\u0159elidn\u011bn\u00fdm m\u00edst\u016fm, turisticky vyzdvihovan\u00fdm v r\u016fzn\u00fdch pr\u016fvodc\u00edch, jako jsou nap\u0159. z\u00e1mek Hlubok\u00e1 nad Vltavou \u010di hrad Karl\u0161tejn, zami\u0159te do m\u00edst m\u00e9n\u011b zn\u00e1m\u00fdch, ale atraktivn\u00edch. Doporu\u010dit bychom mohli oblast Slavkovsk\u00e9ho lesa, Doma\u017elicko a Tachovsko, okol\u00ed \u0159eky \u00dahlavy a Berounky, p\u0159\u00edrodn\u00ed park D\u017eb\u00e1n, Plaskou pahorkatinu, st\u0159edn\u00ed Pos\u00e1zav\u00ed, \u010ceskou Sibi\u0159 a \u010ceskou Kanadu, Pelh\u0159imovsko, \u017d\u010f\u00e1rsk\u00e9 vrchy, Jizersk\u00e9 a Lu\u017eick\u00e9 hory, \u0160luknovsk\u00fd v\u00fdb\u011b\u017eek a m\u011bsto Varnsdorf anebo \u010cesk\u00e9 St\u0159edoho\u0159\u00ed.                                                                                                                                                                                                                                                                                                                                                                                           3.7\/5 - (6 votes)        "},{"@context":"https:\/\/schema.org\/","@type":"BreadcrumbList","itemListElement":[{"@type":"ListItem","position":1,"name":"S ta\u017en\u00fdm za\u0159\u00edzen\u00edm na VW Touran na dovolenou po \u010cesk\u00e9 republice","item":"https:\/\/www.bellex.cz\/s-taznym-zarizenim-na-vw-touran-na-dovolenou-po-ceske-republice\/#breadcrumbitem"}]}]