[{"@context":"https:\/\/schema.org\/","@type":"Article","@id":"https:\/\/www.bellex.cz\/sauny\/#Article","mainEntityOfPage":"https:\/\/www.bellex.cz\/sauny\/","headline":"Sauny","name":"Sauny","description":"U\u017e jste na sob\u011b n\u011bkdy poc\u00edtili blahod\u00e1rn\u00e9 \u00fa\u010dinky ? \u017de je\u0161t\u011b ne? A v\u00edte, \u017ee","datePublished":"2024-12-22","dateModified":"2024-12-22","author":{"@type":"Person","@id":"https:\/\/www.bellex.cz\/author\/#Person","name":"","url":"https:\/\/www.bellex.cz\/author\/","identifier":1,"image":{"@type":"ImageObject","@id":"https:\/\/secure.gravatar.com\/avatar\/4c052e7a73c1efe5fd04a7144e27996a074b623217a764a72d90cb6a084de021?s=96&d=mm&r=g","url":"https:\/\/secure.gravatar.com\/avatar\/4c052e7a73c1efe5fd04a7144e27996a074b623217a764a72d90cb6a084de021?s=96&d=mm&r=g","height":96,"width":96}},"publisher":{"@type":"Organization","name":"bellex.cz","logo":{"@type":"ImageObject","@id":"\/logo.png","url":"\/logo.png","width":600,"height":60}},"url":"https:\/\/www.bellex.cz\/sauny\/","wordCount":199,"articleBody":"U\u017e jste na sob\u011b n\u011bkdy poc\u00edtili blahod\u00e1rn\u00e9 \u00fa\u010dinky ? \u017de je\u0161t\u011b ne? A v\u00edte, \u017ee je to opravdu velik\u00e1 \u0161koda? Rozhodn\u011b byste to m\u011bli zkusit. Krom\u011b toho, \u017ee ud\u011bl\u00e1te n\u011bco pro sv\u00e9 zdrav\u00ed, vyzkou\u0161\u00edte nav\u00edc i n\u011bco nov\u00e9ho, n\u011bco, co jste je\u0161t\u011b neza\u017eili a o tom p\u0159eci \u017eivot je, tak se nebojte novinek. Ur\u010dit\u011b V\u00e1m neubl\u00ed\u017e\u00ed, pokud alespo\u0148 jednou za \u017eivot vstoup\u00edte do sauny. A kdo v\u00ed, t\u0159eba se V\u00e1m to zal\u00edb\u00ed natolik, \u017ee za\u010dnete saunovat pravideln\u011b. Nikdy nev\u00edte, co V\u00e1s m\u016f\u017ee oslovit. A v dne\u0161n\u00ed usp\u011bchan\u00e9 dob\u011b je p\u0159eci nutnost ob\u010das alespo\u0148 trochu zpomalit a odreagovat se od ka\u017edodenn\u00edch starost\u00ed. Saunujte Pokud budete slu\u017eeb sauny vyu\u017e\u00edvat pravideln\u011b, pak v\u011bzte, \u017ee se Va\u0161e ple\u0165 projasn\u00ed, pro\u010dist\u00ed a Vy tak budete jist\u011b \u017e\u00e1dan\u011bj\u0161\u00ed. A t\u00edm p\u00e1dem se budete i c\u00edtit l\u00e9pe. Saunov\u00e1n\u00edm se m\u016f\u017eete postupn\u011b propracovat k pevn\u011bj\u0161\u00edmu zdrav\u00ed, zdrav\u011bj\u0161\u00ed pleti a siln\u011bj\u0161\u00edm respira\u010dn\u00edm \u00fastroj\u00edm.                                                                                                                                                                                                                                                                                                                                                                                        5\/5 - (1 vote)        "},{"@context":"https:\/\/schema.org\/","@type":"BreadcrumbList","itemListElement":[{"@type":"ListItem","position":1,"name":"Sauny","item":"https:\/\/www.bellex.cz\/sauny\/#breadcrumbitem"}]}]