[{"@context":"https:\/\/schema.org\/","@type":"Article","@id":"https:\/\/www.bellex.cz\/vesnicka-ma-strediskova\/#Article","mainEntityOfPage":"https:\/\/www.bellex.cz\/vesnicka-ma-strediskova\/","headline":"Vesni\u010dka m\u00e1 st\u0159ediskov\u00e1","name":"Vesni\u010dka m\u00e1 st\u0159ediskov\u00e1","description":"Nen\u00ed ani pochyb o tom, \u017ee spole\u010densk\u00fd \u017eivot na vesnici a ve m\u011bst\u011b se zna\u010dn\u011b","datePublished":"2019-06-12","dateModified":"2019-06-12","author":{"@type":"Person","@id":"https:\/\/www.bellex.cz\/author\/#Person","name":"","url":"https:\/\/www.bellex.cz\/author\/","identifier":1,"image":{"@type":"ImageObject","@id":"https:\/\/secure.gravatar.com\/avatar\/4c052e7a73c1efe5fd04a7144e27996a074b623217a764a72d90cb6a084de021?s=96&d=mm&r=g","url":"https:\/\/secure.gravatar.com\/avatar\/4c052e7a73c1efe5fd04a7144e27996a074b623217a764a72d90cb6a084de021?s=96&d=mm&r=g","height":96,"width":96}},"publisher":{"@type":"Organization","name":"bellex.cz","logo":{"@type":"ImageObject","@id":"\/logo.png","url":"\/logo.png","width":600,"height":60}},"image":{"@type":"ImageObject","@id":"https:\/\/www.bellex.cz\/wp-content\/uploads\/img_a348795_w1710_t1563644837.jpg","url":"https:\/\/www.bellex.cz\/wp-content\/uploads\/img_a348795_w1710_t1563644837.jpg","height":0,"width":0},"url":"https:\/\/www.bellex.cz\/vesnicka-ma-strediskova\/","wordCount":487,"articleBody":"Nen\u00ed ani pochyb o tom, \u017ee spole\u010densk\u00fd \u017eivot na vesnici a ve m\u011bst\u011b se zna\u010dn\u011b li\u0161\u00ed. Zat\u00edmco ve m\u011bstech je slovo nuda u\u017e t\u00e9m\u011b\u0159 vym\u0159el\u00fd term\u00edn, na vsi se st\u00e1le je\u0161t\u011b sklo\u0148uje ve v\u0161ech p\u00e1dech. P\u0159esto si nelze nev\u0161imnout, \u017ee i men\u0161\u00ed \u00fazemn\u00ed celky se sna\u017e\u00ed na tomto poli v\u00e9st l\u00e9pe.D\u016fvod\u016f pro\u010d u\u017e dnes \u017eivot na vesnici nevypad\u00e1 tak jako nap\u0159\u00edklad za prvn\u00ed republiky je hned n\u011bkolik, ale za hlavn\u00ed dva se pova\u017euje to, \u017ee lid\u00e9 p\u0159estali hospoda\u0159it a museli t\u00edm p\u00e1dem sh\u00e1n\u011bt jin\u00fd zp\u016fsob ob\u017eivy ne\u017e je zem\u011bd\u011blstv\u00ed a to \u010dasto mimo sv\u00e9 bydli\u0161t\u011b a druh\u00fdm d\u016fvodem je globalizace. Ne \u017ee by internet doslova mohl za \u00fapadek kulturn\u00edho \u017eivota obc\u00ed, ale m\u016f\u017ee za lenost zdej\u0161\u00edch obyvatel, kter\u00e9 u\u017e nenut\u00ed v\u016fbec nic k\u00a0tomu, aby vy\u0161li na n\u00e1ves a zaj\u00edmali se o \u017eivot kolem sebe. Dnes m\u00e1me TV, kde n\u00e1m to v\u0161echno \u0159eknou nebo n\u00e1m to nap\u00ed\u0161ou na s\u00edti.Na obhajobu zdej\u0161\u00edch obyvatel nutno \u0159\u00edct, \u017ee je n\u00e1ro\u010dn\u00e9 r\u00e1no brzy vst\u00e1t, odjet, \u010dasto velmi daleko, za prac\u00ed, tam cel\u00fd den p\u0159edv\u00e1d\u011bt excelentn\u00ed v\u00fdkony, pak jet dlouho dom\u016f, postarat se rodinu a je\u0161t\u011b j\u00edt v\u00ed\u0159it na ves a vytv\u00e1\u0159et kulturu. A p\u0159es to v\u0161echno je b\u00e1je\u010dn\u00e9 pozorovat, jak se na \u010desk\u00e9 rynky vrac\u00ed jarmarky a trhy a do ulic masopustn\u00ed pr\u016fvody. P\u0159es l\u00e9to t\u00e9m\u011b\u0159 v\u00a0ka\u017ed\u00e9 druh\u00e9 vesni\u010dce funguje letn\u00ed kino a dokonce i m\u00edstn\u00ed spolky se \u010din\u00ed, aby bylo o z\u00e1bavu postar\u00e1no. Fotbalist\u00e9 se sna\u017e\u00ed ka\u017ed\u00fd v\u00edkend do posledn\u00edho hvizdu urvat t\u0159i body, hasi\u010di piln\u011b cvi\u010d\u00ed, aby na okrskov\u00e9 sout\u011b\u017ei zab\u011bhli co nejlep\u0161\u00ed \u010das, a ochotn\u00edci st\u00e1le dokola zkou\u0161\u00ed nov\u00e9 a nov\u00e9 hry.To \u017ee se \u017eivot na vesnici za posledn\u00edch sto let zm\u011bnil o 360 stup\u0148\u016f, je fakt, kter\u00fd ani nezm\u011bn\u00edme, ani nezpomal\u00edme, ani nezak\u00e1\u017eeme. \u017divot se m\u011bn\u00ed a my se mus\u00edme p\u0159izp\u016fsobit, jen bychom nem\u011bli dopustit, aby se z\u00a0na\u0161ich kr\u00e1sn\u00fdch vesnic stala jen m\u011bsta duch\u016f, kam se jezd\u00edme vyspat po t\u00e9, co si ve m\u011bst\u011b odpracujeme to svoje.Tento p\u0159\u00edstup, t\u00edm mysl\u00edm, \u017ee si ka\u017ed\u00fd hrabeme na sv\u00e9m p\u00edse\u010dku, neprosp\u00edv\u00e1 ani na\u0161\u00edm vesnic\u00edm a m\u011bst\u016fm a ani n\u00e1m a na\u0161im d\u011btem. M\u00e1me posledn\u00ed mo\u017enost se od na\u0161ich rodi\u010d\u016f a prarodi\u010d\u016f nau\u010dit tyto kr\u00e1sn\u00e9 tradice a u\u017e\u00edvat si \u017eivot, neprop\u00e1sn\u011bme ji!!!                                                                                                                                                                                                                                                                                                                                                                                        4\/5 - (1 vote)        "},{"@context":"https:\/\/schema.org\/","@type":"BreadcrumbList","itemListElement":[{"@type":"ListItem","position":1,"name":"Vesni\u010dka m\u00e1 st\u0159ediskov\u00e1","item":"https:\/\/www.bellex.cz\/vesnicka-ma-strediskova\/#breadcrumbitem"}]}]