[{"@context":"https:\/\/schema.org\/","@type":"Article","@id":"https:\/\/www.bellex.cz\/za-zpozdeni-se-plati\/#Article","mainEntityOfPage":"https:\/\/www.bellex.cz\/za-zpozdeni-se-plati\/","headline":"Za zpo\u017ed\u011bn\u00ed se plat\u00ed","name":"Za zpo\u017ed\u011bn\u00ed se plat\u00ed","description":"Nen\u00ed vlastn\u011b nic zase a\u017e tak neobvykl\u00e9ho na tom, m\u00e1-li n\u011bjak\u00fd let zpo\u017ed\u011bn\u00ed. St\u00e1v\u00e1 se","datePublished":"2019-09-18","dateModified":"2023-05-01","author":{"@type":"Person","@id":"https:\/\/www.bellex.cz\/author\/#Person","name":"","url":"https:\/\/www.bellex.cz\/author\/","identifier":1,"image":{"@type":"ImageObject","@id":"https:\/\/secure.gravatar.com\/avatar\/4c052e7a73c1efe5fd04a7144e27996a074b623217a764a72d90cb6a084de021?s=96&d=mm&r=g","url":"https:\/\/secure.gravatar.com\/avatar\/4c052e7a73c1efe5fd04a7144e27996a074b623217a764a72d90cb6a084de021?s=96&d=mm&r=g","height":96,"width":96}},"publisher":{"@type":"Organization","name":"bellex.cz","logo":{"@type":"ImageObject","@id":"\/logo.png","url":"\/logo.png","width":600,"height":60}},"image":{"@type":"ImageObject","@id":"https:\/\/www.bellex.cz\/wp-content\/uploads\/img_a350781_w1702_t1565613520.jpg","url":"https:\/\/www.bellex.cz\/wp-content\/uploads\/img_a350781_w1702_t1565613520.jpg","height":0,"width":0},"url":"https:\/\/www.bellex.cz\/za-zpozdeni-se-plati\/","about":["Ekonomika"],"wordCount":506,"articleBody":"   Nen\u00ed vlastn\u011b nic zase a\u017e tak neobvykl\u00e9ho na tom, m\u00e1-li n\u011bjak\u00fd let zpo\u017ed\u011bn\u00ed. St\u00e1v\u00e1 se to vcelku \u010dasto a p\u0159\u00ed\u010din, pro\u010d tomu tak je, je cel\u00e1 \u0159ada.  N\u011bkdy m\u016f\u017ee za to, \u017ee se \u010dlov\u011bk nedostane do c\u00edle tehdy, kdy se do n\u011bj dostat m\u011bl, \u0161patn\u00e9 po\u010das\u00ed, jindy t\u0159eba p\u0159\u00edrodn\u00ed katastrofa, bezpe\u010dnostn\u00ed situace, st\u00e1vka kohosi, kdo se m\u011bl na obsluze toho kter\u00e9ho letu pod\u00edlet, nebo omezen\u00ed letov\u00e9ho provozu. Za to nikdo z vlastn\u00edk\u016f a provozovatel\u016f takov\u00e9ho letadla nem\u016f\u017ee a jeden se tak mus\u00ed sm\u00ed\u0159it s faktem, \u017ee zkr\u00e1tka n\u011bkdy n\u011bco zme\u0161k\u00e1. Ov\u0161em jsou i p\u0159\u00ed\u010diny, za n\u011b\u017e mohou aerolinie samy. N\u011bkdy nefunguje stroj tak, jak m\u00e1, n\u011bkdy se \u201ezapomene\u201c zajistit person\u00e1l, n\u011bkdy\u2026 Zkr\u00e1tka n\u011bkdy nedolet\u00ed spoj do c\u00edle v\u010das vinou dopravce. A v takov\u00e9m p\u0159\u00edpad\u011b je pro cestuj\u00edc\u00ed jenom dob\u0159e, \u017ee existuje evropsk\u00e1 regulace EC 261\/2004, vztahuj\u00edc\u00ed se na v\u0161echny leteck\u00e9 spole\u010dnosti Evropsk\u00e9 unie, \u0160v\u00fdcarska, Norska a Islandu a tak\u00e9 na v\u0161echny lety provozovan\u00e9 v prostoru vymezen\u00e9m zm\u00edn\u011bn\u00fdmi st\u00e1ty nebo z tohoto prostoru startuj\u00edc\u00ed na cestu mimo n\u011bj. Jak tato regulace stanovuje, n\u00e1le\u017e\u00ed cestuj\u00edc\u00edm let\u016f, je\u017e jsou jenom a pouze vinou aerolini\u00ed pat\u0159i\u010dn\u011b zpo\u017ed\u011bn\u00e9, finan\u010dn\u00ed kompenzace . P\u0159i\u010dem\u017e jej\u00ed v\u00fd\u0161e z\u00e1vis\u00ed jednak na d\u00e9lce zpo\u017ed\u011bn\u00ed v c\u00edlov\u00e9 destinaci a jednak na vzd\u00e1lenosti mezi po\u010d\u00e1tkem a c\u00edlem letu a m\u016f\u017ee v maximu dos\u00e1hnout a\u017e \u0161esti set eur. Ov\u0161em je vlastn\u011b naprosto logick\u00e9, \u017ee se leteck\u00fdm spole\u010dnostem, je\u017e jsou vinn\u00e9 n\u011bjak\u00fdm t\u00edm zpo\u017ed\u011bn\u00edm, moc platit nechce. \u017de takov\u00e9 vlastn\u011b vcelku nemal\u00e9 pen\u00edze netou\u017e\u00ed jenom tak o\u017eelet. A proto se nejednou pokou\u0161ej\u00ed zachr\u00e1nit to, co se je\u0161t\u011b zachr\u00e1nit d\u00e1, i n\u011bjak\u00fdmi t\u011bmi nekal\u00fdmi praktikami. Sna\u017e\u00ed se tak nap\u0159\u00edklad cestuj\u00edc\u00ed p\u0159esv\u011bd\u010dit, \u017ee ke zpo\u017ed\u011bn\u00ed do\u0161lo vinou n\u011bkoho nebo n\u011b\u010deho, koho nebo co nemohla leteck\u00e1 spole\u010dnost ovlivnit, co\u017e je p\u0159\u00edpad, kdy se od\u0161kodn\u00e9 nevypl\u00e1c\u00ed, nebo se z\u00e1kazn\u00edky nekomunikuj\u00ed a doufaj\u00ed, \u017ee tito nakonec sv\u00e9 snahy o od\u0161kodn\u011bn\u00ed dobrovoln\u011b vzdaj\u00ed a aspo\u0148 n\u011bjak\u00e9 pen\u00edze se poda\u0159\u00ed uchr\u00e1nit. Proti \u010demu\u017e je ale z\u00e1hodno bojovat. Proto\u017ee p\u0159edpisy tu nejsou pro legraci. A pokud se tak jedinec nedobere od\u0161kodn\u011bn\u00ed s\u00e1m, m\u011bl by vsadit na specialisty, kte\u0159\u00ed pro n\u011bj ono od\u0161kodn\u00e9 vymohou sami a efektivn\u011b. A nav\u00edc za provizi \u00fam\u011brnou k v\u00fd\u0161i vysouzen\u00e9ho od\u0161kodn\u00e9ho, tak\u017ee se pro pasa\u017e\u00e9ry nem\u016f\u017ee jednat o prod\u011ble\u010dn\u00fd po\u010din. A tak to m\u00e1 b\u00fdt.                                                                                                                                                                                                                                                                                                                                                                                           4.9\/5 - (8 votes)        "},{"@context":"https:\/\/schema.org\/","@type":"BreadcrumbList","itemListElement":[{"@type":"ListItem","position":1,"name":"Za zpo\u017ed\u011bn\u00ed se plat\u00ed","item":"https:\/\/www.bellex.cz\/za-zpozdeni-se-plati\/#breadcrumbitem"}]}]