[{"@context":"https:\/\/schema.org\/","@type":"Article","@id":"https:\/\/www.bellex.cz\/zarovky-jsme-jim-odpustili\/#Article","mainEntityOfPage":"https:\/\/www.bellex.cz\/zarovky-jsme-jim-odpustili\/","headline":"\u017d\u00e1rovky jsme jim odpustili","name":"\u017d\u00e1rovky jsme jim odpustili","description":"Kdy\u017e n\u00e1m eurounijn\u00ed p\u00e1ni zak\u00e1zali vyr\u00e1b\u011bt, prod\u00e1vat a t\u00edm v podstat\u011b i pou\u017e\u00edvat klasick\u00e9 \u017e\u00e1rovky,","datePublished":"2019-01-25","dateModified":"2023-05-01","author":{"@type":"Person","@id":"https:\/\/www.bellex.cz\/author\/#Person","name":"","url":"https:\/\/www.bellex.cz\/author\/","identifier":1,"image":{"@type":"ImageObject","@id":"https:\/\/secure.gravatar.com\/avatar\/4c052e7a73c1efe5fd04a7144e27996a074b623217a764a72d90cb6a084de021?s=96&d=mm&r=g","url":"https:\/\/secure.gravatar.com\/avatar\/4c052e7a73c1efe5fd04a7144e27996a074b623217a764a72d90cb6a084de021?s=96&d=mm&r=g","height":96,"width":96}},"publisher":{"@type":"Organization","name":"bellex.cz","logo":{"@type":"ImageObject","@id":"\/logo.png","url":"\/logo.png","width":600,"height":60}},"image":{"@type":"ImageObject","@id":"https:\/\/www.bellex.cz\/wp-content\/uploads\/img_a335702_w2376_t1548865998.jpg","url":"https:\/\/www.bellex.cz\/wp-content\/uploads\/img_a335702_w2376_t1548865998.jpg","height":0,"width":0},"url":"https:\/\/www.bellex.cz\/zarovky-jsme-jim-odpustili\/","wordCount":494,"articleBody":" Kdy\u017e n\u00e1m eurounijn\u00ed p\u00e1ni zak\u00e1zali vyr\u00e1b\u011bt, prod\u00e1vat a t\u00edm v podstat\u011b i pou\u017e\u00edvat klasick\u00e9 \u017e\u00e1rovky, byla nemal\u00e1 \u010d\u00e1st na\u0161eho n\u00e1roda rozezlena. A to naprosto logicky. Proto\u017ee zn\u00e1te to \u2013 \u201ep\u00e1ni v Bruselu vyd\u011bl\u00e1vaj\u00ed hromady pen\u011bz a mohou si dovolit v\u0161echno, na co si jenom vzpomenou, a my chud\u00e1ci abychom na jejich vrtochy dopl\u00e1celi a museli si nam\u00edsto b\u011b\u017en\u00fdch a vcelku levn\u00fdch \u017e\u00e1rovek kupovat jak\u00e9si p\u0159edra\u017een\u00e9 alternativy!\u201cA tak si mnoz\u00ed z n\u00e1s z trucu d\u011blali do posledn\u00ed chv\u00edle z\u00e1soby toho zak\u00e1zan\u00e9ho. \u017d\u00e1dn\u00fd probl\u00e9m \u2013 my star\u0161\u00ed jsme p\u0159ece dosud nezapomn\u011bli na \u010dasy socialismu, kdy se tradi\u010dn\u011b skupovalo v\u0161echno, co bylo nedostatkov\u00e9 a u \u010deho hrozilo, \u017ee si to u\u017e zase nezn\u00e1mo jak dlouho nebude kde po\u0159\u00eddit, a tak jsme u \u017e\u00e1rovek vlastn\u011b jen opr\u00e1\u0161ili zku\u0161enosti z minula.\u017d\u00e1rovky byly nakonec vykoupeny a leckdo z n\u00e1s je m\u00e1 doma dodnes. M\u00e1me je doma, jakkoliv u\u017e je nejednou vlastn\u011b ani nepou\u017e\u00edv\u00e1me a z\u0159ejm\u011b nikdy pou\u017e\u00edvat nebudeme. Proto\u017ee jsme proz\u0159eli. A zvykli jsme si.Sm\u00ed\u0159ili jsme se s t\u00edm, \u017ee , na\u0161i zemi nevyj\u00edmaje.Dnes u\u017e je i u n\u00e1s norm\u00e1ln\u00ed \u0161et\u0159it elekt\u0159inou. Minim\u00e1ln\u011b proto, \u017ee je tato st\u00e1le dra\u017e\u0161\u00ed a dra\u017e\u0161\u00ed a \u201ep\u0159ece nebudeme platit h\u0159\u00ed\u0161n\u00e9 pen\u00edze t\u011bm \u0161izu\u0148k\u016fm z energetick\u00fdch firem, \u017ee\u201c?A tak u\u017e vesm\u011bs pou\u017e\u00edv\u00e1me \u00fasporn\u00e9 sv\u011bteln\u00e9 zdroje a kdyby n\u00e1m n\u011bkdo nab\u00eddl n\u00e1vrat ke klasick\u00fdm \u017e\u00e1rovk\u00e1m, odm\u00edtli bychom. Proto\u017ee dnes u\u017e m\u00e1me rozum. Dnes u\u017e pou\u017e\u00edv\u00e1me sv\u00edtidla, je\u017e sv\u00edt\u00ed, a nikoliv ta, je\u017e d\u0159\u00edve p\u0159edstavovala nemal\u00e9 ztr\u00e1ty v tom, \u017ee se v\u00edce ne\u017e sv\u00edcen\u00ed v\u011bnovala \u201etopen\u00ed\u201c. Dnes u\u017e nebereme ta, je\u017e m\u011bla zna\u010dn\u00e9 tepeln\u00e9 ztr\u00e1ty, je\u017e n\u00e1m nebyly k ni\u010demu.A kdy\u017e se k tomu p\u0159ipo\u010d\u00edt\u00e1 je\u0161t\u011b to, jak dlouho dne\u0161n\u00ed \u00fasporn\u00e1 sv\u00edtidla vydr\u017e\u00ed, o\u010d jsou tato trvanliv\u011bj\u0161\u00ed ne\u017e d\u0159\u00edv\u011bj\u0161\u00ed \u017e\u00e1rovky, je v\u0161e nad slunce jasn\u00e9. Kdo by se vracel k \u017e\u00e1rovk\u00e1m, kdy\u017e dne\u0161n\u00ed modern\u00ed sv\u00edtidla vydr\u017e\u00ed klidn\u011b i deset let, \u017ee?Prost\u011b u\u017e dnes nejsme hloup\u00ed. U\u017e jsme vzali ono bruselsk\u00e9 rozhodnut\u00ed na milost. Ov\u0161em p\u0159esto by m\u011bli vz\u00edt p\u00e1ni z Bruselu v potaz, \u017ee ne v\u0161e je tak skv\u011bl\u00e9 jako \u00fasporn\u00e1 sv\u00edtidla. \u017de tud\u00ed\u017e ono na\u0161e sm\u00ed\u0159en\u00ed se s nimi neznamen\u00e1, \u017ee jim do budoucna zba\u0161t\u00edme i dal\u0161\u00ed direktivy. Ty, je\u017e v sob\u011b nemaj\u00ed zdrav\u00fd rozum. A jich\u017e je daleko v\u00edc ne\u017e t\u011bch o skv\u011bl\u00fdch \u00fasporn\u00fdch sv\u00edtidlech.                                                                                                                                                                                                                                                                                                                                                                                         3.7\/5 - (12 votes)        "},{"@context":"https:\/\/schema.org\/","@type":"BreadcrumbList","itemListElement":[{"@type":"ListItem","position":1,"name":"\u017d\u00e1rovky jsme jim odpustili","item":"https:\/\/www.bellex.cz\/zarovky-jsme-jim-odpustili\/#breadcrumbitem"}]}]